{"id":2418,"date":"2026-01-23T14:43:09","date_gmt":"2026-01-23T13:43:09","guid":{"rendered":"https:\/\/fineart.dimanoinmano.it\/magazine\/?p=2418"},"modified":"2026-01-23T14:46:07","modified_gmt":"2026-01-23T13:46:07","slug":"ifa-bergamo-2026-lantiquariato-si-aggiorna-e-parla-finalmente-la-lingua-dellabitare-contemporaneo","status":"publish","type":"post","link":"https:\/\/fineart.dimanoinmano.it\/magazine\/ifa-bergamo-2026-lantiquariato-si-aggiorna-e-parla-finalmente-la-lingua-dellabitare-contemporaneo\/","title":{"rendered":"IFA Bergamo 2026: l\u2019antiquariato si aggiorna, e parla (finalmente) la lingua dell\u2019abitare contemporaneo"},"content":{"rendered":"\n<div class=\"wp-block-columns is-layout-flex wp-container-core-columns-is-layout-9d6595d7 wp-block-columns-is-layout-flex\">\n<div class=\"wp-block-column is-layout-flow wp-block-column-is-layout-flow\">\n<p>C\u2019\u00e8 una fiera che, anno dopo anno, sta diventando sempre pi\u00f9 chiaramente <strong>un punto fermo nel calendario italiano dell\u2019arte e dell\u2019alto antiquariato<\/strong>: \u00e8 <strong>IFA \u2013 Italian Fine Art<\/strong>, a Bergamo. Un appuntamento che non si limita a \u201cesporre bellezza\u201d, ma racconta un mercato in trasformazione e un modo diverso di vivere \u2014 e scegliere \u2014 le opere del passato.<\/p>\n<\/div>\n\n\n\n<div class=\"wp-block-column is-layout-flow wp-block-column-is-layout-flow\">\n<p>L\u2019edizione <strong>2026 si svolge dal 16 al 25 gennaio alla Fiera di Bergamo<\/strong>, organizzata da Promoberg, e conferma una crescita percepibile sia nella qualit\u00e0 delle proposte sia nella maturit\u00e0 del pubblico.<\/p>\n<\/div>\n<\/div>\n\n\n<div class=\"wp-block-image\">\n<figure class=\"aligncenter size-large is-resized\"><img loading=\"lazy\" decoding=\"async\" width=\"819\" height=\"1024\" src=\"https:\/\/fineart.dimanoinmano.it\/magazine\/wp-content\/uploads\/2026\/01\/WhatsApp-Image-2026-01-20-at-22.12.23-819x1024.jpeg\" alt=\"\" class=\"wp-image-2421\" style=\"aspect-ratio:0.799801632715343;width:479px;height:auto\" srcset=\"https:\/\/fineart.dimanoinmano.it\/magazine\/wp-content\/uploads\/2026\/01\/WhatsApp-Image-2026-01-20-at-22.12.23-819x1024.jpeg 819w, https:\/\/fineart.dimanoinmano.it\/magazine\/wp-content\/uploads\/2026\/01\/WhatsApp-Image-2026-01-20-at-22.12.23-240x300.jpeg 240w, https:\/\/fineart.dimanoinmano.it\/magazine\/wp-content\/uploads\/2026\/01\/WhatsApp-Image-2026-01-20-at-22.12.23-768x960.jpeg 768w, https:\/\/fineart.dimanoinmano.it\/magazine\/wp-content\/uploads\/2026\/01\/WhatsApp-Image-2026-01-20-at-22.12.23-1229x1536.jpeg 1229w, https:\/\/fineart.dimanoinmano.it\/magazine\/wp-content\/uploads\/2026\/01\/WhatsApp-Image-2026-01-20-at-22.12.23.jpeg 1280w\" sizes=\"auto, (max-width: 819px) 100vw, 819px\" \/><\/figure>\n<\/div>\n\n\n<h2 class=\"wp-block-heading\"><strong>Da rassegna locale a riferimento nazionale<\/strong><\/h2>\n\n\n\n<div class=\"wp-block-columns is-layout-flex wp-container-core-columns-is-layout-9d6595d7 wp-block-columns-is-layout-flex\">\n<div class=\"wp-block-column is-layout-flow wp-block-column-is-layout-flow\">\n<p>IFA nasce nel <strong>1991<\/strong> come \u201cRassegna dell\u2019Antiquariato\u201d nel Castello di Calepio: un contesto storico, suggestivo, quasi simbolico. Da l\u00ec, negli anni, la manifestazione ha saputo evolversi: prima consolidandosi come appuntamento per l\u2019antiquariato, poi aprendosi progressivamente anche a <strong>arte moderna e contemporanea<\/strong>, senza perdere la propria identit\u00e0.<\/p>\n<\/div>\n\n\n\n<div class=\"wp-block-column is-layout-flow wp-block-column-is-layout-flow\">\n<p>Oggi IFA si presenta come una fiera dal respiro nazionale, ospitata negli spazi della <strong>Fiera di Bergamo<\/strong>, capace di mettere in dialogo categorie e linguaggi che fino a non molto tempo fa erano \u201cseparati per definizione\u201d.<\/p>\n<\/div>\n<\/div>\n\n\n<div class=\"wp-block-image\">\n<figure class=\"aligncenter size-full is-resized\"><img loading=\"lazy\" decoding=\"async\" width=\"2048\" height=\"2560\" src=\"https:\/\/fineart.dimanoinmano.it\/magazine\/wp-content\/uploads\/2026\/01\/IMG_20260120_155634-copia-scaled.jpg\" alt=\"\" class=\"wp-image-2426\" style=\"width:436px;height:auto\" srcset=\"https:\/\/fineart.dimanoinmano.it\/magazine\/wp-content\/uploads\/2026\/01\/IMG_20260120_155634-copia-scaled.jpg 2048w, https:\/\/fineart.dimanoinmano.it\/magazine\/wp-content\/uploads\/2026\/01\/IMG_20260120_155634-copia-240x300.jpg 240w, https:\/\/fineart.dimanoinmano.it\/magazine\/wp-content\/uploads\/2026\/01\/IMG_20260120_155634-copia-819x1024.jpg 819w, https:\/\/fineart.dimanoinmano.it\/magazine\/wp-content\/uploads\/2026\/01\/IMG_20260120_155634-copia-768x960.jpg 768w, https:\/\/fineart.dimanoinmano.it\/magazine\/wp-content\/uploads\/2026\/01\/IMG_20260120_155634-copia-1229x1536.jpg 1229w, https:\/\/fineart.dimanoinmano.it\/magazine\/wp-content\/uploads\/2026\/01\/IMG_20260120_155634-copia-1639x2048.jpg 1639w\" sizes=\"auto, (max-width: 2048px) 100vw, 2048px\" \/><\/figure>\n<\/div>\n\n\n<h2 class=\"wp-block-heading\"><strong><strong>Una fiera italiana, con un DNA fortemente del Nord<\/strong><\/strong><\/h2>\n\n\n\n<div class=\"wp-block-columns is-layout-flex wp-container-core-columns-is-layout-9d6595d7 wp-block-columns-is-layout-flex\">\n<div class=\"wp-block-column is-layout-flow wp-block-column-is-layout-flow\">\n<p>IFA \u00e8 profondamente italiana \u2014 e si sente. La maggior parte degli espositori proviene dall\u2019Italia, con una <strong>forte concentrazione dal Nord<\/strong>, in particolare dalla Lombardia (Milano, Bergamo, Brescia), e una presenza rilevante anche da Piemonte ed Emilia-Romagna.<\/p>\n<\/div>\n\n\n\n<div class=\"wp-block-column is-layout-flow wp-block-column-is-layout-flow\">\n<p>&nbsp;Un dato che non \u00e8 un limite: al contrario, racconta una filiera viva, competente, fatta di gallerie e antiquari che lavorano con continuit\u00e0, archivi, relazioni e una capacit\u00e0 sempre pi\u00f9 raffinata di intercettare gusti contemporanei. \u00c8 proprio questo che rende IFA interessante: <strong>non \u00e8 un evento \u201csolo per addetti ai lavori\u201d<\/strong>, ma una piattaforma in cui si percepisce chiaramente un cambio di passo.<\/p>\n<\/div>\n<\/div>\n\n\n<div class=\"wp-block-image\">\n<figure class=\"aligncenter size-full is-resized\"><img loading=\"lazy\" decoding=\"async\" width=\"2049\" height=\"2560\" src=\"https:\/\/fineart.dimanoinmano.it\/magazine\/wp-content\/uploads\/2026\/01\/IMG_20260120_155024-copia-scaled.jpg\" alt=\"\" class=\"wp-image-2424\" style=\"aspect-ratio:0.800395544309688;width:524px;height:auto\" srcset=\"https:\/\/fineart.dimanoinmano.it\/magazine\/wp-content\/uploads\/2026\/01\/IMG_20260120_155024-copia-scaled.jpg 2049w, https:\/\/fineart.dimanoinmano.it\/magazine\/wp-content\/uploads\/2026\/01\/IMG_20260120_155024-copia-240x300.jpg 240w, https:\/\/fineart.dimanoinmano.it\/magazine\/wp-content\/uploads\/2026\/01\/IMG_20260120_155024-copia-819x1024.jpg 819w, https:\/\/fineart.dimanoinmano.it\/magazine\/wp-content\/uploads\/2026\/01\/IMG_20260120_155024-copia-768x960.jpg 768w, https:\/\/fineart.dimanoinmano.it\/magazine\/wp-content\/uploads\/2026\/01\/IMG_20260120_155024-copia-1229x1536.jpg 1229w, https:\/\/fineart.dimanoinmano.it\/magazine\/wp-content\/uploads\/2026\/01\/IMG_20260120_155024-copia-1639x2048.jpg 1639w\" sizes=\"auto, (max-width: 2049px) 100vw, 2049px\" \/><\/figure>\n<\/div>\n\n\n<h2 class=\"wp-block-heading\"><strong><strong><strong>Alto antiquariato, s\u00ec. Ma non pi\u00f9 \u201cstatico\u201d<\/strong><\/strong><\/strong><\/h2>\n\n\n\n<div class=\"wp-block-columns is-layout-flex wp-container-core-columns-is-layout-9d6595d7 wp-block-columns-is-layout-flex\">\n<div class=\"wp-block-column is-layout-flow wp-block-column-is-layout-flow\">\n<p>IFA \u00e8 \u2014 e rimane \u2014 dedicata all\u2019<strong>alto antiquariato e all\u2019arte antica<\/strong>. E la solidit\u00e0 della proposta antiquariale \u00e8 evidente: dipinti, arredi di grande pregio, tappeti, oggetti rari. Una base robusta, che parla di competenza e selezione.Ma ci\u00f2 che colpisce, visitandola davvero, \u00e8 un altro aspetto: <strong>l\u2019antiquariato non viene pi\u00f9 presentato come un mondo chiuso<\/strong>, da ammirare come in una teca.<\/p>\n<\/div>\n\n\n\n<div class=\"wp-block-column is-layout-flow wp-block-column-is-layout-flow\">\n<p>Sempre pi\u00f9 spesso, viene invece proposto come qualcosa che pu\u00f2 vivere dentro un\u2019abitazione contemporanea.<\/p>\n\n\n\n<p>E qui IFA mostra la sua direzione: l\u2019antico non \u00e8 pi\u00f9 soltanto \u201cda collezionare\u201d, \u00e8 anche <strong>da abitare<\/strong>.<\/p>\n<\/div>\n<\/div>\n\n\n\n<div class=\"wp-block-columns is-layout-flex wp-container-core-columns-is-layout-9d6595d7 wp-block-columns-is-layout-flex\">\n<div class=\"wp-block-column is-layout-flow wp-block-column-is-layout-flow\" style=\"flex-basis:100%\"><div class=\"wp-block-image\">\n<figure class=\"aligncenter size-full is-resized\"><img loading=\"lazy\" decoding=\"async\" width=\"2048\" height=\"2560\" src=\"https:\/\/fineart.dimanoinmano.it\/magazine\/wp-content\/uploads\/2026\/01\/IMG_20260120_153933-copia-scaled.jpg\" alt=\"\" class=\"wp-image-2425\" style=\"width:468px;height:auto\" srcset=\"https:\/\/fineart.dimanoinmano.it\/magazine\/wp-content\/uploads\/2026\/01\/IMG_20260120_153933-copia-scaled.jpg 2048w, https:\/\/fineart.dimanoinmano.it\/magazine\/wp-content\/uploads\/2026\/01\/IMG_20260120_153933-copia-240x300.jpg 240w, https:\/\/fineart.dimanoinmano.it\/magazine\/wp-content\/uploads\/2026\/01\/IMG_20260120_153933-copia-819x1024.jpg 819w, https:\/\/fineart.dimanoinmano.it\/magazine\/wp-content\/uploads\/2026\/01\/IMG_20260120_153933-copia-768x960.jpg 768w, https:\/\/fineart.dimanoinmano.it\/magazine\/wp-content\/uploads\/2026\/01\/IMG_20260120_153933-copia-1229x1536.jpg 1229w, https:\/\/fineart.dimanoinmano.it\/magazine\/wp-content\/uploads\/2026\/01\/IMG_20260120_153933-copia-1638x2048.jpg 1638w\" sizes=\"auto, (max-width: 2048px) 100vw, 2048px\" \/><\/figure>\n<\/div><\/div>\n<\/div>\n\n\n\n<h2 class=\"wp-block-heading\"><strong><strong><strong><strong>Lo stand FineArt: una casa (vera) in cui le epoche convivono<\/strong><\/strong><\/strong><\/strong><\/h2>\n\n\n\n<div class=\"wp-block-columns is-layout-flex wp-container-core-columns-is-layout-9d6595d7 wp-block-columns-is-layout-flex\">\n<div class=\"wp-block-column is-layout-flow wp-block-column-is-layout-flow\">\n<p>All\u2019interno di questo scenario, la presenza di <strong>FineArt by Di Mano in Mano<\/strong> \u00e8 perfettamente coerente: uno stand che non costruisce una vetrina, ma un interno.<br>Un ambiente pensato come una casa, dove le opere non sono isolate per categoria, ma inserite in una narrazione visiva fatta di contrasti, armonie e continuit\u00e0.La cifra di FineArt \u2014 fin dalla nascita \u2014 \u00e8 chiara: <strong>integrare epoche e stili<\/strong>, valorizzando gli spazi e l\u2019identit\u00e0 di ogni oggetto, senza trasformare la selezione in un catalogo diviso per reparti.<\/p>\n<\/div>\n\n\n\n<div class=\"wp-block-column is-layout-flow wp-block-column-is-layout-flow\">\n<p>Nel percorso espositivo convivono infatti:<\/p>\n\n\n\n<ul class=\"wp-block-list\">\n<li>arredi di altissimo livello antiquariale<\/li>\n\n\n\n<li>pittura antica<\/li>\n\n\n\n<li>suggestioni Liberty<\/li>\n\n\n\n<li>oggetti e arredi di design<\/li>\n\n\n\n<li>accenti di arte moderna e contemporanea<\/li>\n<\/ul>\n\n\n\n<p>Una commistione che non \u00e8 casuale, ma progettata: perch\u00e9 \u00e8 esattamente cos\u00ec che oggi si costruisce un ambiente colto e personale.<\/p>\n<\/div>\n<\/div>\n\n\n\n<h3 class=\"wp-block-heading\"><strong><strong><strong><strong><strong>Il contrasto come suggerimento pratico<\/strong><\/strong><\/strong><\/strong><\/strong><\/h3>\n\n\n\n<div class=\"wp-block-columns is-layout-flex wp-container-core-columns-is-layout-9d6595d7 wp-block-columns-is-layout-flex\">\n<div class=\"wp-block-column is-layout-flow wp-block-column-is-layout-flow\">\n<p>La parte pi\u00f9 interessante \u2014 e anche la pi\u00f9 \u201cutile\u201d per chi visita \u2014 \u00e8 che l\u2019allestimento diventa un\u2019idea concreta da portarsi a casa:<br><strong>come affiancare un divano di design color block a dipinti ottocenteschi di paesaggio<\/strong>, come inserire un mobile importante in uno spazio moderno, come rendere l\u2019antico un elemento vivo, non museale.<\/p>\n<\/div>\n\n\n\n<div class=\"wp-block-column is-layout-flow wp-block-column-is-layout-flow\">\n<p>Non tutti gli stand scelgono questa strada: molti propongono un\u2019esposizione pi\u00f9 tradizionale, monografica o per categoria (solo tappeti, solo dipinti, solo oggetti). Proprio per questo, la presenza di allestimenti \u201cibridi\u201d risalta ancora di pi\u00f9: perch\u00e9 intercetta un modo attuale di collezionare e arredare.<\/p>\n<\/div>\n<\/div>\n\n\n<div class=\"wp-block-image\">\n<figure class=\"aligncenter size-full is-resized\"><img loading=\"lazy\" decoding=\"async\" width=\"2048\" height=\"2560\" src=\"https:\/\/fineart.dimanoinmano.it\/magazine\/wp-content\/uploads\/2026\/01\/IMG_20260120_155000-copia-1-scaled.jpg\" alt=\"\" class=\"wp-image-2427\" style=\"width:508px;height:auto\" srcset=\"https:\/\/fineart.dimanoinmano.it\/magazine\/wp-content\/uploads\/2026\/01\/IMG_20260120_155000-copia-1-scaled.jpg 2048w, https:\/\/fineart.dimanoinmano.it\/magazine\/wp-content\/uploads\/2026\/01\/IMG_20260120_155000-copia-1-240x300.jpg 240w, https:\/\/fineart.dimanoinmano.it\/magazine\/wp-content\/uploads\/2026\/01\/IMG_20260120_155000-copia-1-819x1024.jpg 819w, https:\/\/fineart.dimanoinmano.it\/magazine\/wp-content\/uploads\/2026\/01\/IMG_20260120_155000-copia-1-768x960.jpg 768w, https:\/\/fineart.dimanoinmano.it\/magazine\/wp-content\/uploads\/2026\/01\/IMG_20260120_155000-copia-1-1229x1536.jpg 1229w, https:\/\/fineart.dimanoinmano.it\/magazine\/wp-content\/uploads\/2026\/01\/IMG_20260120_155000-copia-1-1638x2048.jpg 1638w\" sizes=\"auto, (max-width: 2048px) 100vw, 2048px\" \/><\/figure>\n<\/div>\n\n\n<h2 class=\"wp-block-heading\"><strong><strong><strong><strong><strong>Un pubblico che cambia: giovani, appassionati, progettisti<\/strong><\/strong><\/strong><\/strong><\/strong><\/h2>\n\n\n\n<div class=\"wp-block-columns is-layout-flex wp-container-core-columns-is-layout-9d6595d7 wp-block-columns-is-layout-flex\">\n<div class=\"wp-block-column is-layout-flow wp-block-column-is-layout-flow\">\n<p>Anche il pubblico racconta qualcosa: a IFA non si vedono solo intenditori \u201cdi lunga data\u201d, ma <strong>giovani appassionati, collezionisti in formazione, persone in cerca di idee per arredare casa<\/strong>, e visitatori che si avvicinano all\u2019antico con curiosit\u00e0, non con timore reverenziale.<\/p>\n<\/div>\n\n\n\n<div class=\"wp-block-column is-layout-flow wp-block-column-is-layout-flow\">\n<p>In questo senso, la fiera funziona come una fotografia perfetta del presente: l\u2019antiquariato \u00e8 tornato desiderabile perch\u00e9 \u00e8 tornato <strong>interpretabile<\/strong>.<br><\/p>\n<\/div>\n<\/div>\n\n\n\n<figure class=\"wp-block-image size-large\"><img loading=\"lazy\" decoding=\"async\" width=\"819\" height=\"1024\" src=\"https:\/\/fineart.dimanoinmano.it\/magazine\/wp-content\/uploads\/2026\/01\/IMG_20260120_153342-copia-819x1024.jpg\" alt=\"\" class=\"wp-image-2428\" srcset=\"https:\/\/fineart.dimanoinmano.it\/magazine\/wp-content\/uploads\/2026\/01\/IMG_20260120_153342-copia-819x1024.jpg 819w, https:\/\/fineart.dimanoinmano.it\/magazine\/wp-content\/uploads\/2026\/01\/IMG_20260120_153342-copia-240x300.jpg 240w, https:\/\/fineart.dimanoinmano.it\/magazine\/wp-content\/uploads\/2026\/01\/IMG_20260120_153342-copia-768x960.jpg 768w, https:\/\/fineart.dimanoinmano.it\/magazine\/wp-content\/uploads\/2026\/01\/IMG_20260120_153342-copia-1229x1536.jpg 1229w, https:\/\/fineart.dimanoinmano.it\/magazine\/wp-content\/uploads\/2026\/01\/IMG_20260120_153342-copia-1638x2048.jpg 1638w, https:\/\/fineart.dimanoinmano.it\/magazine\/wp-content\/uploads\/2026\/01\/IMG_20260120_153342-copia-scaled.jpg 2048w\" sizes=\"auto, (max-width: 819px) 100vw, 819px\" \/><\/figure>\n\n\n\n<h2 class=\"wp-block-heading\"><strong><strong><strong><strong><strong><strong>Perch\u00e9 IFA conta, oggi<\/strong><\/strong><\/strong><\/strong><\/strong><\/strong><\/h2>\n\n\n\n<div class=\"wp-block-columns is-layout-flex wp-container-core-columns-is-layout-9d6595d7 wp-block-columns-is-layout-flex\">\n<div class=\"wp-block-column is-layout-flow wp-block-column-is-layout-flow\">\n<p>Nel 2025\u20132026, il mondo delle antichit\u00e0 non \u00e8 pi\u00f9 soltanto un territorio per pochi: si allarga a un pubblico trasversale, sempre pi\u00f9 informato e consapevole.<br>E in Italia \u2014 dove convivere con la storia \u00e8 naturale, nelle citt\u00e0 come nelle case \u2014 gli oggetti d\u2019epoca stanno tornando a emergere come:<\/p>\n\n\n\n<ul class=\"wp-block-list\">\n<li>asset culturali ed economici<\/li>\n<\/ul>\n\n\n\n<ul class=\"wp-block-list\">\n<li>elementi identitari<\/li>\n<\/ul>\n\n\n\n<ul class=\"wp-block-list\">\n<li>strumenti decorativi di grande forza<br><\/li>\n<\/ul>\n<\/div>\n\n\n\n<div class=\"wp-block-column is-layout-flow wp-block-column-is-layout-flow\">\n<p>Le contaminazioni tra <strong>antichit\u00e0 e design moderno<\/strong> si moltiplicano: architetti e interior designer reinterpretano pezzi storici con libert\u00e0, creando ambienti dove il passato non pesa, ma sostiene.<\/p>\n\n\n\n<p>E IFA Bergamo, in questo, \u00e8 un osservatorio privilegiato: una fiera che cresce, si affina, e dimostra che il futuro dell\u2019antiquariato non \u00e8 la nostalgia, ma la relazione.<\/p>\n<\/div>\n<\/div>\n\n\n\n<h3 class=\"wp-block-heading\"><strong><strong><strong><strong><strong><strong><strong>FineArt by Di Mano in Mano a IFA 2026<\/strong><\/strong><\/strong><\/strong><\/strong><\/strong><\/strong><\/h3>\n\n\n\n<p>FineArt partecipa come espositore a IFA \u2013 Italian Fine Art, portando a Bergamo la propria visione fatta di dialoghi tra epoche, accostamenti inattesi e qualit\u00e0 museale, dentro un\u2019idea di casa contemporanea.&nbsp;<br><\/p>\n\n\n\n<figure class=\"wp-block-gallery has-nested-images columns-default is-cropped wp-block-gallery-1 is-layout-flex wp-block-gallery-is-layout-flex\">\n<figure class=\"wp-block-image size-large\"><img loading=\"lazy\" decoding=\"async\" width=\"1024\" height=\"550\" data-id=\"2390\" src=\"https:\/\/fineart.dimanoinmano.it\/magazine\/wp-content\/uploads\/2024\/07\/WhatsApp-Image-2024-07-08-at-10.18.19-1024x550.jpeg\" alt=\"Napoli a Bergamo, Accademia Carrara\" class=\"wp-image-2390\" srcset=\"https:\/\/fineart.dimanoinmano.it\/magazine\/wp-content\/uploads\/2024\/07\/WhatsApp-Image-2024-07-08-at-10.18.19-1024x550.jpeg 1024w, https:\/\/fineart.dimanoinmano.it\/magazine\/wp-content\/uploads\/2024\/07\/WhatsApp-Image-2024-07-08-at-10.18.19-300x161.jpeg 300w, https:\/\/fineart.dimanoinmano.it\/magazine\/wp-content\/uploads\/2024\/07\/WhatsApp-Image-2024-07-08-at-10.18.19-768x412.jpeg 768w, https:\/\/fineart.dimanoinmano.it\/magazine\/wp-content\/uploads\/2024\/07\/WhatsApp-Image-2024-07-08-at-10.18.19-1536x825.jpeg 1536w, https:\/\/fineart.dimanoinmano.it\/magazine\/wp-content\/uploads\/2024\/07\/WhatsApp-Image-2024-07-08-at-10.18.19.jpeg 1600w\" sizes=\"auto, (max-width: 1024px) 100vw, 1024px\" \/><\/figure>\n<\/figure>\n\n\n\n<figure class=\"wp-block-gallery has-nested-images columns-default is-cropped wp-block-gallery-2 is-layout-flex wp-block-gallery-is-layout-flex\">\n<figure class=\"wp-block-image size-large\"><img loading=\"lazy\" decoding=\"async\" width=\"819\" height=\"1024\" data-id=\"2433\" src=\"https:\/\/fineart.dimanoinmano.it\/magazine\/wp-content\/uploads\/2026\/01\/WhatsApp-Image-2026-01-20-at-22.12.17-1-819x1024.jpeg\" alt=\"\" class=\"wp-image-2433\" srcset=\"https:\/\/fineart.dimanoinmano.it\/magazine\/wp-content\/uploads\/2026\/01\/WhatsApp-Image-2026-01-20-at-22.12.17-1-819x1024.jpeg 819w, https:\/\/fineart.dimanoinmano.it\/magazine\/wp-content\/uploads\/2026\/01\/WhatsApp-Image-2026-01-20-at-22.12.17-1-240x300.jpeg 240w, https:\/\/fineart.dimanoinmano.it\/magazine\/wp-content\/uploads\/2026\/01\/WhatsApp-Image-2026-01-20-at-22.12.17-1-768x960.jpeg 768w, https:\/\/fineart.dimanoinmano.it\/magazine\/wp-content\/uploads\/2026\/01\/WhatsApp-Image-2026-01-20-at-22.12.17-1-1229x1536.jpeg 1229w, https:\/\/fineart.dimanoinmano.it\/magazine\/wp-content\/uploads\/2026\/01\/WhatsApp-Image-2026-01-20-at-22.12.17-1.jpeg 1280w\" sizes=\"auto, (max-width: 819px) 100vw, 819px\" \/><\/figure>\n\n\n\n<figure class=\"wp-block-image size-large\"><img loading=\"lazy\" decoding=\"async\" width=\"819\" height=\"1024\" data-id=\"2432\" src=\"https:\/\/fineart.dimanoinmano.it\/magazine\/wp-content\/uploads\/2026\/01\/WhatsApp-Image-2026-01-20-at-22.12.17-819x1024.jpeg\" alt=\"\" class=\"wp-image-2432\" srcset=\"https:\/\/fineart.dimanoinmano.it\/magazine\/wp-content\/uploads\/2026\/01\/WhatsApp-Image-2026-01-20-at-22.12.17-819x1024.jpeg 819w, https:\/\/fineart.dimanoinmano.it\/magazine\/wp-content\/uploads\/2026\/01\/WhatsApp-Image-2026-01-20-at-22.12.17-240x300.jpeg 240w, https:\/\/fineart.dimanoinmano.it\/magazine\/wp-content\/uploads\/2026\/01\/WhatsApp-Image-2026-01-20-at-22.12.17-768x960.jpeg 768w, https:\/\/fineart.dimanoinmano.it\/magazine\/wp-content\/uploads\/2026\/01\/WhatsApp-Image-2026-01-20-at-22.12.17-1229x1536.jpeg 1229w, https:\/\/fineart.dimanoinmano.it\/magazine\/wp-content\/uploads\/2026\/01\/WhatsApp-Image-2026-01-20-at-22.12.17.jpeg 1280w\" sizes=\"auto, (max-width: 819px) 100vw, 819px\" \/><\/figure>\n\n\n\n<figure class=\"wp-block-image size-large\"><img loading=\"lazy\" decoding=\"async\" width=\"819\" height=\"1024\" data-id=\"2430\" src=\"https:\/\/fineart.dimanoinmano.it\/magazine\/wp-content\/uploads\/2026\/01\/WhatsApp-Image-2026-01-20-at-22.12.20-819x1024.jpeg\" alt=\"\" class=\"wp-image-2430\" srcset=\"https:\/\/fineart.dimanoinmano.it\/magazine\/wp-content\/uploads\/2026\/01\/WhatsApp-Image-2026-01-20-at-22.12.20-819x1024.jpeg 819w, https:\/\/fineart.dimanoinmano.it\/magazine\/wp-content\/uploads\/2026\/01\/WhatsApp-Image-2026-01-20-at-22.12.20-240x300.jpeg 240w, https:\/\/fineart.dimanoinmano.it\/magazine\/wp-content\/uploads\/2026\/01\/WhatsApp-Image-2026-01-20-at-22.12.20-768x961.jpeg 768w, https:\/\/fineart.dimanoinmano.it\/magazine\/wp-content\/uploads\/2026\/01\/WhatsApp-Image-2026-01-20-at-22.12.20-1228x1536.jpeg 1228w, https:\/\/fineart.dimanoinmano.it\/magazine\/wp-content\/uploads\/2026\/01\/WhatsApp-Image-2026-01-20-at-22.12.20.jpeg 1279w\" sizes=\"auto, (max-width: 819px) 100vw, 819px\" \/><\/figure>\n\n\n\n<figure class=\"wp-block-image size-large\"><img loading=\"lazy\" decoding=\"async\" width=\"819\" height=\"1024\" data-id=\"2435\" src=\"https:\/\/fineart.dimanoinmano.it\/magazine\/wp-content\/uploads\/2026\/01\/WhatsApp-Image-2026-01-20-at-22.12.22-1-819x1024.jpeg\" alt=\"\" class=\"wp-image-2435\" srcset=\"https:\/\/fineart.dimanoinmano.it\/magazine\/wp-content\/uploads\/2026\/01\/WhatsApp-Image-2026-01-20-at-22.12.22-1-819x1024.jpeg 819w, https:\/\/fineart.dimanoinmano.it\/magazine\/wp-content\/uploads\/2026\/01\/WhatsApp-Image-2026-01-20-at-22.12.22-1-240x300.jpeg 240w, https:\/\/fineart.dimanoinmano.it\/magazine\/wp-content\/uploads\/2026\/01\/WhatsApp-Image-2026-01-20-at-22.12.22-1-768x960.jpeg 768w, https:\/\/fineart.dimanoinmano.it\/magazine\/wp-content\/uploads\/2026\/01\/WhatsApp-Image-2026-01-20-at-22.12.22-1-1229x1536.jpeg 1229w, https:\/\/fineart.dimanoinmano.it\/magazine\/wp-content\/uploads\/2026\/01\/WhatsApp-Image-2026-01-20-at-22.12.22-1.jpeg 1280w\" sizes=\"auto, (max-width: 819px) 100vw, 819px\" \/><\/figure>\n\n\n\n<figure class=\"wp-block-image size-large\"><img loading=\"lazy\" decoding=\"async\" width=\"819\" height=\"1024\" data-id=\"2437\" src=\"https:\/\/fineart.dimanoinmano.it\/magazine\/wp-content\/uploads\/2026\/01\/WhatsApp-Image-2026-01-20-at-22.12.22-819x1024.jpeg\" alt=\"\" class=\"wp-image-2437\" srcset=\"https:\/\/fineart.dimanoinmano.it\/magazine\/wp-content\/uploads\/2026\/01\/WhatsApp-Image-2026-01-20-at-22.12.22-819x1024.jpeg 819w, https:\/\/fineart.dimanoinmano.it\/magazine\/wp-content\/uploads\/2026\/01\/WhatsApp-Image-2026-01-20-at-22.12.22-240x300.jpeg 240w, https:\/\/fineart.dimanoinmano.it\/magazine\/wp-content\/uploads\/2026\/01\/WhatsApp-Image-2026-01-20-at-22.12.22-768x961.jpeg 768w, https:\/\/fineart.dimanoinmano.it\/magazine\/wp-content\/uploads\/2026\/01\/WhatsApp-Image-2026-01-20-at-22.12.22-1228x1536.jpeg 1228w, https:\/\/fineart.dimanoinmano.it\/magazine\/wp-content\/uploads\/2026\/01\/WhatsApp-Image-2026-01-20-at-22.12.22.jpeg 1279w\" sizes=\"auto, (max-width: 819px) 100vw, 819px\" \/><\/figure>\n\n\n\n<figure class=\"wp-block-image size-large\"><img loading=\"lazy\" decoding=\"async\" width=\"819\" height=\"1024\" data-id=\"2431\" src=\"https:\/\/fineart.dimanoinmano.it\/magazine\/wp-content\/uploads\/2026\/01\/WhatsApp-Image-2026-01-20-at-22.12.23-1-819x1024.jpeg\" alt=\"\" class=\"wp-image-2431\" srcset=\"https:\/\/fineart.dimanoinmano.it\/magazine\/wp-content\/uploads\/2026\/01\/WhatsApp-Image-2026-01-20-at-22.12.23-1-819x1024.jpeg 819w, https:\/\/fineart.dimanoinmano.it\/magazine\/wp-content\/uploads\/2026\/01\/WhatsApp-Image-2026-01-20-at-22.12.23-1-240x300.jpeg 240w, https:\/\/fineart.dimanoinmano.it\/magazine\/wp-content\/uploads\/2026\/01\/WhatsApp-Image-2026-01-20-at-22.12.23-1-768x961.jpeg 768w, https:\/\/fineart.dimanoinmano.it\/magazine\/wp-content\/uploads\/2026\/01\/WhatsApp-Image-2026-01-20-at-22.12.23-1-1228x1536.jpeg 1228w, https:\/\/fineart.dimanoinmano.it\/magazine\/wp-content\/uploads\/2026\/01\/WhatsApp-Image-2026-01-20-at-22.12.23-1.jpeg 1279w\" sizes=\"auto, (max-width: 819px) 100vw, 819px\" \/><\/figure>\n\n\n\n<figure class=\"wp-block-image size-large\"><img loading=\"lazy\" decoding=\"async\" width=\"819\" height=\"1024\" data-id=\"2434\" src=\"https:\/\/fineart.dimanoinmano.it\/magazine\/wp-content\/uploads\/2026\/01\/WhatsApp-Image-2026-01-20-at-22.12.23-2-819x1024.jpeg\" alt=\"\" class=\"wp-image-2434\" srcset=\"https:\/\/fineart.dimanoinmano.it\/magazine\/wp-content\/uploads\/2026\/01\/WhatsApp-Image-2026-01-20-at-22.12.23-2-819x1024.jpeg 819w, https:\/\/fineart.dimanoinmano.it\/magazine\/wp-content\/uploads\/2026\/01\/WhatsApp-Image-2026-01-20-at-22.12.23-2-240x300.jpeg 240w, https:\/\/fineart.dimanoinmano.it\/magazine\/wp-content\/uploads\/2026\/01\/WhatsApp-Image-2026-01-20-at-22.12.23-2-768x960.jpeg 768w, https:\/\/fineart.dimanoinmano.it\/magazine\/wp-content\/uploads\/2026\/01\/WhatsApp-Image-2026-01-20-at-22.12.23-2-1229x1536.jpeg 1229w, https:\/\/fineart.dimanoinmano.it\/magazine\/wp-content\/uploads\/2026\/01\/WhatsApp-Image-2026-01-20-at-22.12.23-2.jpeg 1280w\" sizes=\"auto, (max-width: 819px) 100vw, 819px\" \/><\/figure>\n\n\n\n<figure class=\"wp-block-image size-large\"><img loading=\"lazy\" decoding=\"async\" width=\"819\" height=\"1024\" data-id=\"2436\" src=\"https:\/\/fineart.dimanoinmano.it\/magazine\/wp-content\/uploads\/2026\/01\/WhatsApp-Image-2026-01-20-at-22.12.24-1-819x1024.jpeg\" alt=\"\" class=\"wp-image-2436\" srcset=\"https:\/\/fineart.dimanoinmano.it\/magazine\/wp-content\/uploads\/2026\/01\/WhatsApp-Image-2026-01-20-at-22.12.24-1-819x1024.jpeg 819w, https:\/\/fineart.dimanoinmano.it\/magazine\/wp-content\/uploads\/2026\/01\/WhatsApp-Image-2026-01-20-at-22.12.24-1-240x300.jpeg 240w, https:\/\/fineart.dimanoinmano.it\/magazine\/wp-content\/uploads\/2026\/01\/WhatsApp-Image-2026-01-20-at-22.12.24-1-768x960.jpeg 768w, https:\/\/fineart.dimanoinmano.it\/magazine\/wp-content\/uploads\/2026\/01\/WhatsApp-Image-2026-01-20-at-22.12.24-1-1229x1536.jpeg 1229w, https:\/\/fineart.dimanoinmano.it\/magazine\/wp-content\/uploads\/2026\/01\/WhatsApp-Image-2026-01-20-at-22.12.24-1.jpeg 1280w\" sizes=\"auto, (max-width: 819px) 100vw, 819px\" \/><\/figure>\n\n\n\n<figure class=\"wp-block-image size-large\"><img loading=\"lazy\" decoding=\"async\" width=\"819\" height=\"1024\" data-id=\"2439\" src=\"https:\/\/fineart.dimanoinmano.it\/magazine\/wp-content\/uploads\/2026\/01\/WhatsApp-Image-2026-01-20-at-22.12.24-2-819x1024.jpeg\" alt=\"\" class=\"wp-image-2439\" srcset=\"https:\/\/fineart.dimanoinmano.it\/magazine\/wp-content\/uploads\/2026\/01\/WhatsApp-Image-2026-01-20-at-22.12.24-2-819x1024.jpeg 819w, https:\/\/fineart.dimanoinmano.it\/magazine\/wp-content\/uploads\/2026\/01\/WhatsApp-Image-2026-01-20-at-22.12.24-2-240x300.jpeg 240w, https:\/\/fineart.dimanoinmano.it\/magazine\/wp-content\/uploads\/2026\/01\/WhatsApp-Image-2026-01-20-at-22.12.24-2-768x960.jpeg 768w, https:\/\/fineart.dimanoinmano.it\/magazine\/wp-content\/uploads\/2026\/01\/WhatsApp-Image-2026-01-20-at-22.12.24-2-1229x1536.jpeg 1229w, https:\/\/fineart.dimanoinmano.it\/magazine\/wp-content\/uploads\/2026\/01\/WhatsApp-Image-2026-01-20-at-22.12.24-2.jpeg 1280w\" sizes=\"auto, (max-width: 819px) 100vw, 819px\" \/><\/figure>\n\n\n\n<figure class=\"wp-block-image size-large\"><img loading=\"lazy\" decoding=\"async\" width=\"819\" height=\"1024\" data-id=\"2442\" src=\"https:\/\/fineart.dimanoinmano.it\/magazine\/wp-content\/uploads\/2026\/01\/WhatsApp-Image-2026-01-20-at-22.12.24-819x1024.jpeg\" alt=\"\" class=\"wp-image-2442\" srcset=\"https:\/\/fineart.dimanoinmano.it\/magazine\/wp-content\/uploads\/2026\/01\/WhatsApp-Image-2026-01-20-at-22.12.24-819x1024.jpeg 819w, https:\/\/fineart.dimanoinmano.it\/magazine\/wp-content\/uploads\/2026\/01\/WhatsApp-Image-2026-01-20-at-22.12.24-240x300.jpeg 240w, https:\/\/fineart.dimanoinmano.it\/magazine\/wp-content\/uploads\/2026\/01\/WhatsApp-Image-2026-01-20-at-22.12.24-768x960.jpeg 768w, https:\/\/fineart.dimanoinmano.it\/magazine\/wp-content\/uploads\/2026\/01\/WhatsApp-Image-2026-01-20-at-22.12.24-1229x1536.jpeg 1229w, https:\/\/fineart.dimanoinmano.it\/magazine\/wp-content\/uploads\/2026\/01\/WhatsApp-Image-2026-01-20-at-22.12.24.jpeg 1280w\" sizes=\"auto, (max-width: 819px) 100vw, 819px\" \/><\/figure>\n\n\n\n<figure class=\"wp-block-image size-large\"><img loading=\"lazy\" decoding=\"async\" width=\"819\" height=\"1024\" data-id=\"2438\" src=\"https:\/\/fineart.dimanoinmano.it\/magazine\/wp-content\/uploads\/2026\/01\/WhatsApp-Image-2026-01-20-at-22.12.25-1-819x1024.jpeg\" alt=\"\" class=\"wp-image-2438\" srcset=\"https:\/\/fineart.dimanoinmano.it\/magazine\/wp-content\/uploads\/2026\/01\/WhatsApp-Image-2026-01-20-at-22.12.25-1-819x1024.jpeg 819w, https:\/\/fineart.dimanoinmano.it\/magazine\/wp-content\/uploads\/2026\/01\/WhatsApp-Image-2026-01-20-at-22.12.25-1-240x300.jpeg 240w, https:\/\/fineart.dimanoinmano.it\/magazine\/wp-content\/uploads\/2026\/01\/WhatsApp-Image-2026-01-20-at-22.12.25-1-768x960.jpeg 768w, https:\/\/fineart.dimanoinmano.it\/magazine\/wp-content\/uploads\/2026\/01\/WhatsApp-Image-2026-01-20-at-22.12.25-1-1229x1536.jpeg 1229w, https:\/\/fineart.dimanoinmano.it\/magazine\/wp-content\/uploads\/2026\/01\/WhatsApp-Image-2026-01-20-at-22.12.25-1.jpeg 1280w\" sizes=\"auto, (max-width: 819px) 100vw, 819px\" \/><\/figure>\n\n\n\n<figure class=\"wp-block-image size-large\"><img loading=\"lazy\" decoding=\"async\" width=\"819\" height=\"1024\" data-id=\"2429\" src=\"https:\/\/fineart.dimanoinmano.it\/magazine\/wp-content\/uploads\/2026\/01\/WhatsApp-Image-2026-01-20-at-22.12.25-819x1024.jpeg\" alt=\"\" class=\"wp-image-2429\" srcset=\"https:\/\/fineart.dimanoinmano.it\/magazine\/wp-content\/uploads\/2026\/01\/WhatsApp-Image-2026-01-20-at-22.12.25-819x1024.jpeg 819w, https:\/\/fineart.dimanoinmano.it\/magazine\/wp-content\/uploads\/2026\/01\/WhatsApp-Image-2026-01-20-at-22.12.25-240x300.jpeg 240w, https:\/\/fineart.dimanoinmano.it\/magazine\/wp-content\/uploads\/2026\/01\/WhatsApp-Image-2026-01-20-at-22.12.25-768x960.jpeg 768w, https:\/\/fineart.dimanoinmano.it\/magazine\/wp-content\/uploads\/2026\/01\/WhatsApp-Image-2026-01-20-at-22.12.25-1229x1536.jpeg 1229w, https:\/\/fineart.dimanoinmano.it\/magazine\/wp-content\/uploads\/2026\/01\/WhatsApp-Image-2026-01-20-at-22.12.25.jpeg 1280w\" sizes=\"auto, (max-width: 819px) 100vw, 819px\" \/><\/figure>\n\n\n\n<figure class=\"wp-block-image size-large\"><img loading=\"lazy\" decoding=\"async\" width=\"819\" height=\"1024\" data-id=\"2444\" src=\"https:\/\/fineart.dimanoinmano.it\/magazine\/wp-content\/uploads\/2026\/01\/WhatsApp-Image-2026-01-20-at-22.12.26-1-819x1024.jpeg\" alt=\"\" class=\"wp-image-2444\" srcset=\"https:\/\/fineart.dimanoinmano.it\/magazine\/wp-content\/uploads\/2026\/01\/WhatsApp-Image-2026-01-20-at-22.12.26-1-819x1024.jpeg 819w, https:\/\/fineart.dimanoinmano.it\/magazine\/wp-content\/uploads\/2026\/01\/WhatsApp-Image-2026-01-20-at-22.12.26-1-240x300.jpeg 240w, https:\/\/fineart.dimanoinmano.it\/magazine\/wp-content\/uploads\/2026\/01\/WhatsApp-Image-2026-01-20-at-22.12.26-1-768x960.jpeg 768w, https:\/\/fineart.dimanoinmano.it\/magazine\/wp-content\/uploads\/2026\/01\/WhatsApp-Image-2026-01-20-at-22.12.26-1-1229x1536.jpeg 1229w, https:\/\/fineart.dimanoinmano.it\/magazine\/wp-content\/uploads\/2026\/01\/WhatsApp-Image-2026-01-20-at-22.12.26-1.jpeg 1280w\" sizes=\"auto, (max-width: 819px) 100vw, 819px\" \/><\/figure>\n\n\n\n<figure class=\"wp-block-image size-large\"><img loading=\"lazy\" decoding=\"async\" width=\"819\" height=\"1024\" data-id=\"2445\" src=\"https:\/\/fineart.dimanoinmano.it\/magazine\/wp-content\/uploads\/2026\/01\/WhatsApp-Image-2026-01-20-at-22.12.26-2-819x1024.jpeg\" alt=\"\" class=\"wp-image-2445\" srcset=\"https:\/\/fineart.dimanoinmano.it\/magazine\/wp-content\/uploads\/2026\/01\/WhatsApp-Image-2026-01-20-at-22.12.26-2-819x1024.jpeg 819w, https:\/\/fineart.dimanoinmano.it\/magazine\/wp-content\/uploads\/2026\/01\/WhatsApp-Image-2026-01-20-at-22.12.26-2-240x300.jpeg 240w, https:\/\/fineart.dimanoinmano.it\/magazine\/wp-content\/uploads\/2026\/01\/WhatsApp-Image-2026-01-20-at-22.12.26-2-768x960.jpeg 768w, https:\/\/fineart.dimanoinmano.it\/magazine\/wp-content\/uploads\/2026\/01\/WhatsApp-Image-2026-01-20-at-22.12.26-2-1229x1536.jpeg 1229w, https:\/\/fineart.dimanoinmano.it\/magazine\/wp-content\/uploads\/2026\/01\/WhatsApp-Image-2026-01-20-at-22.12.26-2.jpeg 1280w\" sizes=\"auto, (max-width: 819px) 100vw, 819px\" \/><\/figure>\n\n\n\n<figure class=\"wp-block-image size-large\"><img loading=\"lazy\" decoding=\"async\" width=\"819\" height=\"1024\" data-id=\"2443\" src=\"https:\/\/fineart.dimanoinmano.it\/magazine\/wp-content\/uploads\/2026\/01\/WhatsApp-Image-2026-01-20-at-22.12.26-819x1024.jpeg\" alt=\"\" class=\"wp-image-2443\" srcset=\"https:\/\/fineart.dimanoinmano.it\/magazine\/wp-content\/uploads\/2026\/01\/WhatsApp-Image-2026-01-20-at-22.12.26-819x1024.jpeg 819w, https:\/\/fineart.dimanoinmano.it\/magazine\/wp-content\/uploads\/2026\/01\/WhatsApp-Image-2026-01-20-at-22.12.26-240x300.jpeg 240w, https:\/\/fineart.dimanoinmano.it\/magazine\/wp-content\/uploads\/2026\/01\/WhatsApp-Image-2026-01-20-at-22.12.26-768x960.jpeg 768w, https:\/\/fineart.dimanoinmano.it\/magazine\/wp-content\/uploads\/2026\/01\/WhatsApp-Image-2026-01-20-at-22.12.26-1229x1536.jpeg 1229w, https:\/\/fineart.dimanoinmano.it\/magazine\/wp-content\/uploads\/2026\/01\/WhatsApp-Image-2026-01-20-at-22.12.26.jpeg 1280w\" sizes=\"auto, (max-width: 819px) 100vw, 819px\" \/><\/figure>\n\n\n\n<figure class=\"wp-block-image size-large\"><img loading=\"lazy\" decoding=\"async\" width=\"819\" height=\"1024\" data-id=\"2441\" src=\"https:\/\/fineart.dimanoinmano.it\/magazine\/wp-content\/uploads\/2026\/01\/WhatsApp-Image-2026-01-20-at-22.12.27-1-819x1024.jpeg\" alt=\"\" class=\"wp-image-2441\" srcset=\"https:\/\/fineart.dimanoinmano.it\/magazine\/wp-content\/uploads\/2026\/01\/WhatsApp-Image-2026-01-20-at-22.12.27-1-819x1024.jpeg 819w, https:\/\/fineart.dimanoinmano.it\/magazine\/wp-content\/uploads\/2026\/01\/WhatsApp-Image-2026-01-20-at-22.12.27-1-240x300.jpeg 240w, https:\/\/fineart.dimanoinmano.it\/magazine\/wp-content\/uploads\/2026\/01\/WhatsApp-Image-2026-01-20-at-22.12.27-1-768x961.jpeg 768w, https:\/\/fineart.dimanoinmano.it\/magazine\/wp-content\/uploads\/2026\/01\/WhatsApp-Image-2026-01-20-at-22.12.27-1-1228x1536.jpeg 1228w, https:\/\/fineart.dimanoinmano.it\/magazine\/wp-content\/uploads\/2026\/01\/WhatsApp-Image-2026-01-20-at-22.12.27-1.jpeg 1279w\" sizes=\"auto, (max-width: 819px) 100vw, 819px\" \/><\/figure>\n\n\n\n<figure class=\"wp-block-image size-large\"><img loading=\"lazy\" decoding=\"async\" width=\"819\" height=\"1024\" data-id=\"2440\" src=\"https:\/\/fineart.dimanoinmano.it\/magazine\/wp-content\/uploads\/2026\/01\/WhatsApp-Image-2026-01-20-at-22.12.27-819x1024.jpeg\" alt=\"\" class=\"wp-image-2440\" srcset=\"https:\/\/fineart.dimanoinmano.it\/magazine\/wp-content\/uploads\/2026\/01\/WhatsApp-Image-2026-01-20-at-22.12.27-819x1024.jpeg 819w, https:\/\/fineart.dimanoinmano.it\/magazine\/wp-content\/uploads\/2026\/01\/WhatsApp-Image-2026-01-20-at-22.12.27-240x300.jpeg 240w, https:\/\/fineart.dimanoinmano.it\/magazine\/wp-content\/uploads\/2026\/01\/WhatsApp-Image-2026-01-20-at-22.12.27-768x961.jpeg 768w, https:\/\/fineart.dimanoinmano.it\/magazine\/wp-content\/uploads\/2026\/01\/WhatsApp-Image-2026-01-20-at-22.12.27-1228x1536.jpeg 1228w, https:\/\/fineart.dimanoinmano.it\/magazine\/wp-content\/uploads\/2026\/01\/WhatsApp-Image-2026-01-20-at-22.12.27.jpeg 1279w\" sizes=\"auto, (max-width: 819px) 100vw, 819px\" \/><\/figure>\n<\/figure>\n","protected":false},"excerpt":{"rendered":"<p>Napoli a Bergamo, Accademia Carrara<\/p>\n","protected":false},"author":1,"featured_media":2446,"comment_status":"closed","ping_status":"closed","sticky":false,"template":"","format":"standard","meta":{"_acf_changed":false,"footnotes":""},"categories":[3],"tags":[47,48],"class_list":["post-2418","post","type-post","status-publish","format-standard","has-post-thumbnail","hentry","category-mostre-ed-eventi","tag-accademia-carrara","tag-bergamo"],"acf":[],"yoast_head":"<!-- This site is optimized with the Yoast SEO plugin v23.1 - https:\/\/yoast.com\/wordpress\/plugins\/seo\/ -->\n<title>IFA Bergamo 2026: l\u2019antiquariato si aggiorna, e parla (finalmente) la lingua dell\u2019abitare contemporaneo - FineArt Magazine<\/title>\n<meta name=\"description\" content=\"Dal 23\/04 al 1\/09 2024 l&#039;Accademia Carrara di Bergamo ospita la mostra dedicata alla pittura napoletana e ai legami con Bergamo.\" \/>\n<meta name=\"robots\" content=\"index, follow, max-snippet:-1, max-image-preview:large, max-video-preview:-1\" \/>\n<link rel=\"canonical\" href=\"https:\/\/fineart.dimanoinmano.it\/magazine\/ifa-bergamo-2026-lantiquariato-si-aggiorna-e-parla-finalmente-la-lingua-dellabitare-contemporaneo\/\" \/>\n<meta property=\"og:locale\" content=\"it_IT\" \/>\n<meta property=\"og:type\" content=\"article\" \/>\n<meta property=\"og:title\" content=\"IFA Bergamo 2026: l\u2019antiquariato si aggiorna, e parla (finalmente) la lingua dell\u2019abitare contemporaneo - FineArt Magazine\" \/>\n<meta property=\"og:description\" content=\"Dal 23\/04 al 1\/09 2024 l&#039;Accademia Carrara di Bergamo ospita la mostra dedicata alla pittura napoletana e ai legami con Bergamo.\" \/>\n<meta property=\"og:url\" content=\"https:\/\/fineart.dimanoinmano.it\/magazine\/ifa-bergamo-2026-lantiquariato-si-aggiorna-e-parla-finalmente-la-lingua-dellabitare-contemporaneo\/\" \/>\n<meta property=\"og:site_name\" content=\"FineArt Magazine\" \/>\n<meta property=\"article:published_time\" content=\"2026-01-23T13:43:09+00:00\" \/>\n<meta property=\"article:modified_time\" content=\"2026-01-23T13:46:07+00:00\" \/>\n<meta property=\"og:image\" content=\"https:\/\/fineart.dimanoinmano.it\/magazine\/wp-content\/uploads\/2026\/01\/WhatsApp-Image-2026-01-20-at-22.12.25-2.jpeg\" \/>\n\t<meta property=\"og:image:width\" content=\"1280\" \/>\n\t<meta property=\"og:image:height\" content=\"1600\" \/>\n\t<meta property=\"og:image:type\" content=\"image\/jpeg\" \/>\n<meta name=\"author\" content=\"FineArt\" \/>\n<meta name=\"twitter:card\" content=\"summary_large_image\" \/>\n<meta name=\"twitter:label1\" content=\"Scritto da\" \/>\n\t<meta name=\"twitter:data1\" content=\"FineArt\" \/>\n\t<meta name=\"twitter:label2\" content=\"Tempo di lettura stimato\" \/>\n\t<meta name=\"twitter:data2\" content=\"10 minuti\" \/>\n<script type=\"application\/ld+json\" class=\"yoast-schema-graph\">{\"@context\":\"https:\/\/schema.org\",\"@graph\":[{\"@type\":\"Article\",\"@id\":\"https:\/\/fineart.dimanoinmano.it\/magazine\/ifa-bergamo-2026-lantiquariato-si-aggiorna-e-parla-finalmente-la-lingua-dellabitare-contemporaneo\/#article\",\"isPartOf\":{\"@id\":\"https:\/\/fineart.dimanoinmano.it\/magazine\/ifa-bergamo-2026-lantiquariato-si-aggiorna-e-parla-finalmente-la-lingua-dellabitare-contemporaneo\/\"},\"author\":{\"name\":\"FineArt\",\"@id\":\"https:\/\/fineart.dimanoinmano.it\/magazine\/#\/schema\/person\/1d7dcf6ebd921f9994302c6cf77bc089\"},\"headline\":\"IFA Bergamo 2026: l\u2019antiquariato si aggiorna, e parla (finalmente) la lingua dell\u2019abitare contemporaneo\",\"datePublished\":\"2026-01-23T13:43:09+00:00\",\"dateModified\":\"2026-01-23T13:46:07+00:00\",\"mainEntityOfPage\":{\"@id\":\"https:\/\/fineart.dimanoinmano.it\/magazine\/ifa-bergamo-2026-lantiquariato-si-aggiorna-e-parla-finalmente-la-lingua-dellabitare-contemporaneo\/\"},\"wordCount\":858,\"publisher\":{\"@id\":\"https:\/\/fineart.dimanoinmano.it\/magazine\/#organization\"},\"image\":{\"@id\":\"https:\/\/fineart.dimanoinmano.it\/magazine\/ifa-bergamo-2026-lantiquariato-si-aggiorna-e-parla-finalmente-la-lingua-dellabitare-contemporaneo\/#primaryimage\"},\"thumbnailUrl\":\"https:\/\/fineart.dimanoinmano.it\/magazine\/wp-content\/uploads\/2026\/01\/WhatsApp-Image-2026-01-20-at-22.12.25-2.jpeg\",\"keywords\":[\"Accademia Carrara\",\"Bergamo\"],\"articleSection\":[\"Mostre ed Eventi\"],\"inLanguage\":\"it-IT\"},{\"@type\":\"WebPage\",\"@id\":\"https:\/\/fineart.dimanoinmano.it\/magazine\/ifa-bergamo-2026-lantiquariato-si-aggiorna-e-parla-finalmente-la-lingua-dellabitare-contemporaneo\/\",\"url\":\"https:\/\/fineart.dimanoinmano.it\/magazine\/ifa-bergamo-2026-lantiquariato-si-aggiorna-e-parla-finalmente-la-lingua-dellabitare-contemporaneo\/\",\"name\":\"IFA Bergamo 2026: l\u2019antiquariato si aggiorna, e parla (finalmente) la lingua dell\u2019abitare contemporaneo - FineArt Magazine\",\"isPartOf\":{\"@id\":\"https:\/\/fineart.dimanoinmano.it\/magazine\/#website\"},\"primaryImageOfPage\":{\"@id\":\"https:\/\/fineart.dimanoinmano.it\/magazine\/ifa-bergamo-2026-lantiquariato-si-aggiorna-e-parla-finalmente-la-lingua-dellabitare-contemporaneo\/#primaryimage\"},\"image\":{\"@id\":\"https:\/\/fineart.dimanoinmano.it\/magazine\/ifa-bergamo-2026-lantiquariato-si-aggiorna-e-parla-finalmente-la-lingua-dellabitare-contemporaneo\/#primaryimage\"},\"thumbnailUrl\":\"https:\/\/fineart.dimanoinmano.it\/magazine\/wp-content\/uploads\/2026\/01\/WhatsApp-Image-2026-01-20-at-22.12.25-2.jpeg\",\"datePublished\":\"2026-01-23T13:43:09+00:00\",\"dateModified\":\"2026-01-23T13:46:07+00:00\",\"description\":\"Dal 23\/04 al 1\/09 2024 l'Accademia Carrara di Bergamo ospita la mostra dedicata alla pittura napoletana e ai legami con Bergamo.\",\"breadcrumb\":{\"@id\":\"https:\/\/fineart.dimanoinmano.it\/magazine\/ifa-bergamo-2026-lantiquariato-si-aggiorna-e-parla-finalmente-la-lingua-dellabitare-contemporaneo\/#breadcrumb\"},\"inLanguage\":\"it-IT\",\"potentialAction\":[{\"@type\":\"ReadAction\",\"target\":[\"https:\/\/fineart.dimanoinmano.it\/magazine\/ifa-bergamo-2026-lantiquariato-si-aggiorna-e-parla-finalmente-la-lingua-dellabitare-contemporaneo\/\"]}]},{\"@type\":\"ImageObject\",\"inLanguage\":\"it-IT\",\"@id\":\"https:\/\/fineart.dimanoinmano.it\/magazine\/ifa-bergamo-2026-lantiquariato-si-aggiorna-e-parla-finalmente-la-lingua-dellabitare-contemporaneo\/#primaryimage\",\"url\":\"https:\/\/fineart.dimanoinmano.it\/magazine\/wp-content\/uploads\/2026\/01\/WhatsApp-Image-2026-01-20-at-22.12.25-2.jpeg\",\"contentUrl\":\"https:\/\/fineart.dimanoinmano.it\/magazine\/wp-content\/uploads\/2026\/01\/WhatsApp-Image-2026-01-20-at-22.12.25-2.jpeg\",\"width\":1280,\"height\":1600},{\"@type\":\"BreadcrumbList\",\"@id\":\"https:\/\/fineart.dimanoinmano.it\/magazine\/ifa-bergamo-2026-lantiquariato-si-aggiorna-e-parla-finalmente-la-lingua-dellabitare-contemporaneo\/#breadcrumb\",\"itemListElement\":[{\"@type\":\"ListItem\",\"position\":1,\"name\":\"Home\",\"item\":\"https:\/\/fineart.dimanoinmano.it\/magazine\/\"},{\"@type\":\"ListItem\",\"position\":2,\"name\":\"IFA Bergamo 2026: l\u2019antiquariato si aggiorna, e parla (finalmente) la lingua dell\u2019abitare contemporaneo\"}]},{\"@type\":\"WebSite\",\"@id\":\"https:\/\/fineart.dimanoinmano.it\/magazine\/#website\",\"url\":\"https:\/\/fineart.dimanoinmano.it\/magazine\/\",\"name\":\"FineArt Magazine\",\"description\":\"\",\"publisher\":{\"@id\":\"https:\/\/fineart.dimanoinmano.it\/magazine\/#organization\"},\"potentialAction\":[{\"@type\":\"SearchAction\",\"target\":{\"@type\":\"EntryPoint\",\"urlTemplate\":\"https:\/\/fineart.dimanoinmano.it\/magazine\/?s={search_term_string}\"},\"query-input\":\"required name=search_term_string\"}],\"inLanguage\":\"it-IT\"},{\"@type\":\"Organization\",\"@id\":\"https:\/\/fineart.dimanoinmano.it\/magazine\/#organization\",\"name\":\"FineArt Magazine\",\"url\":\"https:\/\/fineart.dimanoinmano.it\/magazine\/\",\"logo\":{\"@type\":\"ImageObject\",\"inLanguage\":\"it-IT\",\"@id\":\"https:\/\/fineart.dimanoinmano.it\/magazine\/#\/schema\/logo\/image\/\",\"url\":\"https:\/\/fineart.dimanoinmano.it\/magazine\/wp-content\/uploads\/2023\/03\/logo_fineart.png\",\"contentUrl\":\"https:\/\/fineart.dimanoinmano.it\/magazine\/wp-content\/uploads\/2023\/03\/logo_fineart.png\",\"width\":892,\"height\":115,\"caption\":\"FineArt Magazine\"},\"image\":{\"@id\":\"https:\/\/fineart.dimanoinmano.it\/magazine\/#\/schema\/logo\/image\/\"}},{\"@type\":\"Person\",\"@id\":\"https:\/\/fineart.dimanoinmano.it\/magazine\/#\/schema\/person\/1d7dcf6ebd921f9994302c6cf77bc089\",\"name\":\"FineArt\",\"image\":{\"@type\":\"ImageObject\",\"inLanguage\":\"it-IT\",\"@id\":\"https:\/\/fineart.dimanoinmano.it\/magazine\/#\/schema\/person\/image\/\",\"url\":\"https:\/\/secure.gravatar.com\/avatar\/99156fafcef61e51efc39bfd57ce0995a619a700c1761355b53b71090b5b665b?s=96&d=https%3A%2F%2Ffineart.dimanoinmano.it%2Fmagazine%2Fwp-content%2Fuploads%2F2023%2F03%2Fgravatar_fineart.png&r=g\",\"contentUrl\":\"https:\/\/secure.gravatar.com\/avatar\/99156fafcef61e51efc39bfd57ce0995a619a700c1761355b53b71090b5b665b?s=96&d=https%3A%2F%2Ffineart.dimanoinmano.it%2Fmagazine%2Fwp-content%2Fuploads%2F2023%2F03%2Fgravatar_fineart.png&r=g\",\"caption\":\"FineArt\"},\"description\":\"FineArt \u00e8 il progetto Di Mano in Mano che propone una selezione esclusiva di opere di antiquariato e design, presentandole per la loro singolarit\u00e0 e unicit\u00e0.\",\"sameAs\":[\"https:\/\/fineart.dimanoinmano.it\/magazine\"],\"url\":\"https:\/\/fineart.dimanoinmano.it\/magazine\/author\/fineartuk_magazine\/\"}]}<\/script>\n<!-- \/ Yoast SEO plugin. -->","yoast_head_json":{"title":"IFA Bergamo 2026: l\u2019antiquariato si aggiorna, e parla (finalmente) la lingua dell\u2019abitare contemporaneo - FineArt Magazine","description":"Dal 23\/04 al 1\/09 2024 l'Accademia Carrara di Bergamo ospita la mostra dedicata alla pittura napoletana e ai legami con Bergamo.","robots":{"index":"index","follow":"follow","max-snippet":"max-snippet:-1","max-image-preview":"max-image-preview:large","max-video-preview":"max-video-preview:-1"},"canonical":"https:\/\/fineart.dimanoinmano.it\/magazine\/ifa-bergamo-2026-lantiquariato-si-aggiorna-e-parla-finalmente-la-lingua-dellabitare-contemporaneo\/","og_locale":"it_IT","og_type":"article","og_title":"IFA Bergamo 2026: l\u2019antiquariato si aggiorna, e parla (finalmente) la lingua dell\u2019abitare contemporaneo - FineArt Magazine","og_description":"Dal 23\/04 al 1\/09 2024 l'Accademia Carrara di Bergamo ospita la mostra dedicata alla pittura napoletana e ai legami con Bergamo.","og_url":"https:\/\/fineart.dimanoinmano.it\/magazine\/ifa-bergamo-2026-lantiquariato-si-aggiorna-e-parla-finalmente-la-lingua-dellabitare-contemporaneo\/","og_site_name":"FineArt Magazine","article_published_time":"2026-01-23T13:43:09+00:00","article_modified_time":"2026-01-23T13:46:07+00:00","og_image":[{"width":1280,"height":1600,"url":"https:\/\/fineart.dimanoinmano.it\/magazine\/wp-content\/uploads\/2026\/01\/WhatsApp-Image-2026-01-20-at-22.12.25-2.jpeg","type":"image\/jpeg"}],"author":"FineArt","twitter_card":"summary_large_image","twitter_misc":{"Scritto da":"FineArt","Tempo di lettura stimato":"10 minuti"},"schema":{"@context":"https:\/\/schema.org","@graph":[{"@type":"Article","@id":"https:\/\/fineart.dimanoinmano.it\/magazine\/ifa-bergamo-2026-lantiquariato-si-aggiorna-e-parla-finalmente-la-lingua-dellabitare-contemporaneo\/#article","isPartOf":{"@id":"https:\/\/fineart.dimanoinmano.it\/magazine\/ifa-bergamo-2026-lantiquariato-si-aggiorna-e-parla-finalmente-la-lingua-dellabitare-contemporaneo\/"},"author":{"name":"FineArt","@id":"https:\/\/fineart.dimanoinmano.it\/magazine\/#\/schema\/person\/1d7dcf6ebd921f9994302c6cf77bc089"},"headline":"IFA Bergamo 2026: l\u2019antiquariato si aggiorna, e parla (finalmente) la lingua dell\u2019abitare contemporaneo","datePublished":"2026-01-23T13:43:09+00:00","dateModified":"2026-01-23T13:46:07+00:00","mainEntityOfPage":{"@id":"https:\/\/fineart.dimanoinmano.it\/magazine\/ifa-bergamo-2026-lantiquariato-si-aggiorna-e-parla-finalmente-la-lingua-dellabitare-contemporaneo\/"},"wordCount":858,"publisher":{"@id":"https:\/\/fineart.dimanoinmano.it\/magazine\/#organization"},"image":{"@id":"https:\/\/fineart.dimanoinmano.it\/magazine\/ifa-bergamo-2026-lantiquariato-si-aggiorna-e-parla-finalmente-la-lingua-dellabitare-contemporaneo\/#primaryimage"},"thumbnailUrl":"https:\/\/fineart.dimanoinmano.it\/magazine\/wp-content\/uploads\/2026\/01\/WhatsApp-Image-2026-01-20-at-22.12.25-2.jpeg","keywords":["Accademia Carrara","Bergamo"],"articleSection":["Mostre ed Eventi"],"inLanguage":"it-IT"},{"@type":"WebPage","@id":"https:\/\/fineart.dimanoinmano.it\/magazine\/ifa-bergamo-2026-lantiquariato-si-aggiorna-e-parla-finalmente-la-lingua-dellabitare-contemporaneo\/","url":"https:\/\/fineart.dimanoinmano.it\/magazine\/ifa-bergamo-2026-lantiquariato-si-aggiorna-e-parla-finalmente-la-lingua-dellabitare-contemporaneo\/","name":"IFA Bergamo 2026: l\u2019antiquariato si aggiorna, e parla (finalmente) la lingua dell\u2019abitare contemporaneo - FineArt Magazine","isPartOf":{"@id":"https:\/\/fineart.dimanoinmano.it\/magazine\/#website"},"primaryImageOfPage":{"@id":"https:\/\/fineart.dimanoinmano.it\/magazine\/ifa-bergamo-2026-lantiquariato-si-aggiorna-e-parla-finalmente-la-lingua-dellabitare-contemporaneo\/#primaryimage"},"image":{"@id":"https:\/\/fineart.dimanoinmano.it\/magazine\/ifa-bergamo-2026-lantiquariato-si-aggiorna-e-parla-finalmente-la-lingua-dellabitare-contemporaneo\/#primaryimage"},"thumbnailUrl":"https:\/\/fineart.dimanoinmano.it\/magazine\/wp-content\/uploads\/2026\/01\/WhatsApp-Image-2026-01-20-at-22.12.25-2.jpeg","datePublished":"2026-01-23T13:43:09+00:00","dateModified":"2026-01-23T13:46:07+00:00","description":"Dal 23\/04 al 1\/09 2024 l'Accademia Carrara di Bergamo ospita la mostra dedicata alla pittura napoletana e ai legami con Bergamo.","breadcrumb":{"@id":"https:\/\/fineart.dimanoinmano.it\/magazine\/ifa-bergamo-2026-lantiquariato-si-aggiorna-e-parla-finalmente-la-lingua-dellabitare-contemporaneo\/#breadcrumb"},"inLanguage":"it-IT","potentialAction":[{"@type":"ReadAction","target":["https:\/\/fineart.dimanoinmano.it\/magazine\/ifa-bergamo-2026-lantiquariato-si-aggiorna-e-parla-finalmente-la-lingua-dellabitare-contemporaneo\/"]}]},{"@type":"ImageObject","inLanguage":"it-IT","@id":"https:\/\/fineart.dimanoinmano.it\/magazine\/ifa-bergamo-2026-lantiquariato-si-aggiorna-e-parla-finalmente-la-lingua-dellabitare-contemporaneo\/#primaryimage","url":"https:\/\/fineart.dimanoinmano.it\/magazine\/wp-content\/uploads\/2026\/01\/WhatsApp-Image-2026-01-20-at-22.12.25-2.jpeg","contentUrl":"https:\/\/fineart.dimanoinmano.it\/magazine\/wp-content\/uploads\/2026\/01\/WhatsApp-Image-2026-01-20-at-22.12.25-2.jpeg","width":1280,"height":1600},{"@type":"BreadcrumbList","@id":"https:\/\/fineart.dimanoinmano.it\/magazine\/ifa-bergamo-2026-lantiquariato-si-aggiorna-e-parla-finalmente-la-lingua-dellabitare-contemporaneo\/#breadcrumb","itemListElement":[{"@type":"ListItem","position":1,"name":"Home","item":"https:\/\/fineart.dimanoinmano.it\/magazine\/"},{"@type":"ListItem","position":2,"name":"IFA Bergamo 2026: l\u2019antiquariato si aggiorna, e parla (finalmente) la lingua dell\u2019abitare contemporaneo"}]},{"@type":"WebSite","@id":"https:\/\/fineart.dimanoinmano.it\/magazine\/#website","url":"https:\/\/fineart.dimanoinmano.it\/magazine\/","name":"FineArt Magazine","description":"","publisher":{"@id":"https:\/\/fineart.dimanoinmano.it\/magazine\/#organization"},"potentialAction":[{"@type":"SearchAction","target":{"@type":"EntryPoint","urlTemplate":"https:\/\/fineart.dimanoinmano.it\/magazine\/?s={search_term_string}"},"query-input":"required name=search_term_string"}],"inLanguage":"it-IT"},{"@type":"Organization","@id":"https:\/\/fineart.dimanoinmano.it\/magazine\/#organization","name":"FineArt Magazine","url":"https:\/\/fineart.dimanoinmano.it\/magazine\/","logo":{"@type":"ImageObject","inLanguage":"it-IT","@id":"https:\/\/fineart.dimanoinmano.it\/magazine\/#\/schema\/logo\/image\/","url":"https:\/\/fineart.dimanoinmano.it\/magazine\/wp-content\/uploads\/2023\/03\/logo_fineart.png","contentUrl":"https:\/\/fineart.dimanoinmano.it\/magazine\/wp-content\/uploads\/2023\/03\/logo_fineart.png","width":892,"height":115,"caption":"FineArt Magazine"},"image":{"@id":"https:\/\/fineart.dimanoinmano.it\/magazine\/#\/schema\/logo\/image\/"}},{"@type":"Person","@id":"https:\/\/fineart.dimanoinmano.it\/magazine\/#\/schema\/person\/1d7dcf6ebd921f9994302c6cf77bc089","name":"FineArt","image":{"@type":"ImageObject","inLanguage":"it-IT","@id":"https:\/\/fineart.dimanoinmano.it\/magazine\/#\/schema\/person\/image\/","url":"https:\/\/secure.gravatar.com\/avatar\/99156fafcef61e51efc39bfd57ce0995a619a700c1761355b53b71090b5b665b?s=96&d=https%3A%2F%2Ffineart.dimanoinmano.it%2Fmagazine%2Fwp-content%2Fuploads%2F2023%2F03%2Fgravatar_fineart.png&r=g","contentUrl":"https:\/\/secure.gravatar.com\/avatar\/99156fafcef61e51efc39bfd57ce0995a619a700c1761355b53b71090b5b665b?s=96&d=https%3A%2F%2Ffineart.dimanoinmano.it%2Fmagazine%2Fwp-content%2Fuploads%2F2023%2F03%2Fgravatar_fineart.png&r=g","caption":"FineArt"},"description":"FineArt \u00e8 il progetto Di Mano in Mano che propone una selezione esclusiva di opere di antiquariato e design, presentandole per la loro singolarit\u00e0 e unicit\u00e0.","sameAs":["https:\/\/fineart.dimanoinmano.it\/magazine"],"url":"https:\/\/fineart.dimanoinmano.it\/magazine\/author\/fineartuk_magazine\/"}]}},"_links":{"self":[{"href":"https:\/\/fineart.dimanoinmano.it\/magazine\/wp-json\/wp\/v2\/posts\/2418","targetHints":{"allow":["GET"]}}],"collection":[{"href":"https:\/\/fineart.dimanoinmano.it\/magazine\/wp-json\/wp\/v2\/posts"}],"about":[{"href":"https:\/\/fineart.dimanoinmano.it\/magazine\/wp-json\/wp\/v2\/types\/post"}],"author":[{"embeddable":true,"href":"https:\/\/fineart.dimanoinmano.it\/magazine\/wp-json\/wp\/v2\/users\/1"}],"replies":[{"embeddable":true,"href":"https:\/\/fineart.dimanoinmano.it\/magazine\/wp-json\/wp\/v2\/comments?post=2418"}],"version-history":[{"count":4,"href":"https:\/\/fineart.dimanoinmano.it\/magazine\/wp-json\/wp\/v2\/posts\/2418\/revisions"}],"predecessor-version":[{"id":2447,"href":"https:\/\/fineart.dimanoinmano.it\/magazine\/wp-json\/wp\/v2\/posts\/2418\/revisions\/2447"}],"wp:featuredmedia":[{"embeddable":true,"href":"https:\/\/fineart.dimanoinmano.it\/magazine\/wp-json\/wp\/v2\/media\/2446"}],"wp:attachment":[{"href":"https:\/\/fineart.dimanoinmano.it\/magazine\/wp-json\/wp\/v2\/media?parent=2418"}],"wp:term":[{"taxonomy":"category","embeddable":true,"href":"https:\/\/fineart.dimanoinmano.it\/magazine\/wp-json\/wp\/v2\/categories?post=2418"},{"taxonomy":"post_tag","embeddable":true,"href":"https:\/\/fineart.dimanoinmano.it\/magazine\/wp-json\/wp\/v2\/tags?post=2418"}],"curies":[{"name":"wp","href":"https:\/\/api.w.org\/{rel}","templated":true}]}}