{"id":2318,"date":"2024-04-22T11:00:00","date_gmt":"2024-04-22T09:00:00","guid":{"rendered":"https:\/\/fineart.dimanoinmano.it\/magazine\/?p=2318"},"modified":"2024-04-15T12:22:39","modified_gmt":"2024-04-15T10:22:39","slug":"compasso-doro-e-adi-museum","status":"publish","type":"post","link":"https:\/\/fineart.dimanoinmano.it\/magazine\/compasso-doro-e-adi-museum\/","title":{"rendered":"Compasso d&#8217;oro e ADI Museum"},"content":{"rendered":"\n<div class=\"wp-block-columns is-layout-flex wp-container-core-columns-is-layout-9d6595d7 wp-block-columns-is-layout-flex\">\n<div class=\"wp-block-column is-layout-flow wp-block-column-is-layout-flow\">\n<p>Fu niente meno che<strong> Gio Ponti<\/strong>, uno dei pi\u00f9 noti architetti italiani, a promuovere quello che ancora oggi si connota come il pi\u00f9 importante riconoscimento nell&#8217;ambito del design italiano.<\/p>\n\n\n\n<p><strong>Il Compasso d&#8217;Oro fu infatti ideato nel 1954<\/strong>, inizialmente patrocinato dai magazzini La Rinascente, per essere affidato dal 1958 ad <strong>ADI (Assocazione per il Disegno Industriale)<\/strong>, fondata due anni prima.<\/p>\n<\/div>\n\n\n\n<div class=\"wp-block-column is-layout-flow wp-block-column-is-layout-flow\">\n<p>Il disegno del premio \u00e8 opera di Albe Steiner, prendendo a modello il compasso del fisico Adalbert Goeringer per disegnare la sezione aurea, ma la progettazione vera e propria spett\u00f2 agli architetti Marco Zanuso e Alberto Rosselli, con le forme ancora oggi conosciute.<\/p>\n\n\n\n<p>L&#8217;istituzione di questo premio negli anni Cinquanta offre un&#8217;interessate spaccato sulla situazione dell&#8217;industria e del design italiano dell&#8217;epoca.<\/p>\n<\/div>\n<\/div>\n\n\n<div class=\"wp-block-image\">\n<figure class=\"aligncenter size-full\"><img loading=\"lazy\" decoding=\"async\" width=\"728\" height=\"599\" src=\"https:\/\/fineart.dimanoinmano.it\/magazine\/wp-content\/uploads\/2024\/04\/Compasso_doro_1967_coll._andrea_branzi.jpg\" alt=\"Compasso d'oro\" class=\"wp-image-2322\" srcset=\"https:\/\/fineart.dimanoinmano.it\/magazine\/wp-content\/uploads\/2024\/04\/Compasso_doro_1967_coll._andrea_branzi.jpg 728w, https:\/\/fineart.dimanoinmano.it\/magazine\/wp-content\/uploads\/2024\/04\/Compasso_doro_1967_coll._andrea_branzi-300x247.jpg 300w\" sizes=\"auto, (max-width: 728px) 100vw, 728px\" \/><figcaption class=\"wp-element-caption\">Compasso d&#8217;Oro<\/figcaption><\/figure>\n<\/div>\n\n\n<div class=\"wp-block-columns is-layout-flex wp-container-core-columns-is-layout-9d6595d7 wp-block-columns-is-layout-flex\">\n<div class=\"wp-block-column is-layout-flow wp-block-column-is-layout-flow\">\n<p>Fu proprio negli anni successivi alle seconda guerra mondiale che in Italia si registr\u00f2 una vera e propria serializzazione dei beni, anche grazie a un sempre maggior benessere economico della popolazione.<\/p>\n\n\n\n<p>Lo svilupparsi di aziende nelle quali la meccanizzazione divenne non solo pi\u00f9 un vanto, ma soprattutto una caratteristica imprescindibile per l&#8217;aumentata <\/p>\n<\/div>\n\n\n\n<div class=\"wp-block-column is-layout-flow wp-block-column-is-layout-flow\">\n<p>richiesta, apr\u00ec un dibattito che in altri paesi era gi\u00e0 avvenuto nel secolo precedente.<br>Venne meno l&#8217;artigianalit\u00e0 delle botteghe, a favore di una produzione in serie e di massa, destinata alla nuova ed emergente classe borghese.<\/p>\n\n\n\n<p>Ma come mantenere l&#8217;alta qualit\u00e0 e l&#8217;estetica a fronte di questa nuova modalit\u00e0 produttiva?<\/p>\n<\/div>\n<\/div>\n\n\n<div class=\"wp-block-image\">\n<figure class=\"aligncenter size-full\"><img loading=\"lazy\" decoding=\"async\" width=\"1536\" height=\"1536\" src=\"https:\/\/fineart.dimanoinmano.it\/magazine\/wp-content\/uploads\/2024\/04\/Divano-Soriana-Afra-e-Tobia-Scarpa-per-Cassina-1.jpg\" alt=\"\" class=\"wp-image-2324\" srcset=\"https:\/\/fineart.dimanoinmano.it\/magazine\/wp-content\/uploads\/2024\/04\/Divano-Soriana-Afra-e-Tobia-Scarpa-per-Cassina-1.jpg 1536w, https:\/\/fineart.dimanoinmano.it\/magazine\/wp-content\/uploads\/2024\/04\/Divano-Soriana-Afra-e-Tobia-Scarpa-per-Cassina-1-300x300.jpg 300w, https:\/\/fineart.dimanoinmano.it\/magazine\/wp-content\/uploads\/2024\/04\/Divano-Soriana-Afra-e-Tobia-Scarpa-per-Cassina-1-1024x1024.jpg 1024w, https:\/\/fineart.dimanoinmano.it\/magazine\/wp-content\/uploads\/2024\/04\/Divano-Soriana-Afra-e-Tobia-Scarpa-per-Cassina-1-150x150.jpg 150w, https:\/\/fineart.dimanoinmano.it\/magazine\/wp-content\/uploads\/2024\/04\/Divano-Soriana-Afra-e-Tobia-Scarpa-per-Cassina-1-768x768.jpg 768w, https:\/\/fineart.dimanoinmano.it\/magazine\/wp-content\/uploads\/2024\/04\/Divano-Soriana-Afra-e-Tobia-Scarpa-per-Cassina-1-60x60.jpg 60w\" sizes=\"auto, (max-width: 1536px) 100vw, 1536px\" \/><figcaption class=\"wp-element-caption\">Divano &#8220;Soriana&#8221;, Afra e Tobia Scarpa per Cassina, Compasso d&#8217;Oro 1970<\/figcaption><\/figure>\n<\/div>\n\n\n<div class=\"wp-block-columns is-layout-flex wp-container-core-columns-is-layout-9d6595d7 wp-block-columns-is-layout-flex\">\n<div class=\"wp-block-column is-layout-flow wp-block-column-is-layout-flow\">\n<p>Si affermarono le figure di architetti che iniziarono a interessarsi non solamente alla progettazione di immobili e grandi spazi, ma anche all&#8217;architettura dei prodotti di uso comune, dagli arredi all&#8217;oggettistica, dalle macchine agli elettrodomestici domestici, pur rimanendo imprescindibile la funzionalit\u00e0 degli stessi.<\/p>\n\n\n\n<p>Si sent\u00ec dunque la necessit\u00e0 di istituire un riconoscimento che premiasse i migliori progetti e disegni contraddistinti per la loro qualit\u00e0 ed estetica.<\/p>\n<\/div>\n\n\n\n<div class=\"wp-block-column is-layout-flow wp-block-column-is-layout-flow\">\n<p>Ma non solo il Compasso, parte integrante del concorso divennero anche le menzioni d&#8217;onore e i premi alla carriera, riconoscendo le personalit\u00e0 pi\u00f9 di spicco nel panorama italiano.<\/p>\n\n\n\n<p>Il prestigioso riconoscimento \u00e8 ancora in vigore con <strong>cadenza biennale<\/strong> e propone una giuria internazionale, che seleziona prodotti e progetti sulla base di varie valutazioni, non da ultimi l&#8217;impiego di nuove tecnologie e l&#8217;impatto ambientale, tematiche certamente centrali nella moderna industria.<\/p>\n<\/div>\n<\/div>\n\n\n<div class=\"wp-block-image\">\n<figure class=\"aligncenter size-full\"><img loading=\"lazy\" decoding=\"async\" width=\"1536\" height=\"1536\" src=\"https:\/\/fineart.dimanoinmano.it\/magazine\/wp-content\/uploads\/2024\/04\/MOILIL0069728_1_s.jpg\" alt=\"\" class=\"wp-image-2325\" srcset=\"https:\/\/fineart.dimanoinmano.it\/magazine\/wp-content\/uploads\/2024\/04\/MOILIL0069728_1_s.jpg 1536w, https:\/\/fineart.dimanoinmano.it\/magazine\/wp-content\/uploads\/2024\/04\/MOILIL0069728_1_s-300x300.jpg 300w, https:\/\/fineart.dimanoinmano.it\/magazine\/wp-content\/uploads\/2024\/04\/MOILIL0069728_1_s-1024x1024.jpg 1024w, https:\/\/fineart.dimanoinmano.it\/magazine\/wp-content\/uploads\/2024\/04\/MOILIL0069728_1_s-150x150.jpg 150w, https:\/\/fineart.dimanoinmano.it\/magazine\/wp-content\/uploads\/2024\/04\/MOILIL0069728_1_s-768x768.jpg 768w, https:\/\/fineart.dimanoinmano.it\/magazine\/wp-content\/uploads\/2024\/04\/MOILIL0069728_1_s-60x60.jpg 60w\" sizes=\"auto, (max-width: 1536px) 100vw, 1536px\" \/><figcaption class=\"wp-element-caption\">Lampada &#8220;Eclisse&#8221;, Vico Magistretti per Artemide, Compasso d&#8217;Oro 1967<\/figcaption><\/figure>\n<\/div>\n\n\n<div class=\"wp-block-columns is-layout-flex wp-container-core-columns-is-layout-9d6595d7 wp-block-columns-is-layout-flex\">\n<div class=\"wp-block-column is-layout-flow wp-block-column-is-layout-flow\">\n<p>Fin da subito apparve chiara l&#8217;importanza del Compasso d&#8217;Oro, tanto da far confluire gli oggetti premiati in una collezione ormai storica, la cui cura \u00e8 affidata dal 2001 alla <strong>Fondazione ADI Collezione Compasso d&#8217;Oro<\/strong>.<\/p>\n\n\n\n<p>L&#8217;ambizioso progetto fu quello di promuovere la raccolta attraverso una realt\u00e0 museale e per tale motivo fu realizzato l&#8217;<strong>ADI Design Museum<\/strong>, reso possibile anche grazie al contributo del Comune di Milano, che nel 2011 concesse il comodato d&#8217;uso gratuito per l&#8217;edificio nel quale trova posto, consentendo l&#8217;esposizione della collezione storica, che attualmente comprende pi\u00f9 di 2300 tra progetti e prodotti.<\/p>\n<\/div>\n\n\n\n<div class=\"wp-block-column is-layout-flow wp-block-column-is-layout-flow\">\n<p>Ma non solo la raccolta permanente, il museo ospita anche mostre temporanee che approfondiscono temi specifici, al fine di valorizzare e diffondere il design e la cultura della quale si fa portatore.<\/p>\n\n\n\n<p>Anche lo stabile che ospita la raccolta segue la stessa linea: si tratta infatti di una struttura degli anni Trenta, un luogo storico destinato a deposito di tram a cavallo e impianto di distribuzione per l&#8217;energia elettrica, recuperato e valorizzato in quanto espressione di <strong>archeologia industriale<\/strong>.<\/p>\n<\/div>\n<\/div>\n\n\n\n<figure class=\"wp-block-gallery has-nested-images columns-default is-cropped wp-block-gallery-1 is-layout-flex wp-block-gallery-is-layout-flex\">\n<figure class=\"wp-block-image size-large\"><img loading=\"lazy\" decoding=\"async\" width=\"1024\" height=\"1024\" data-id=\"2326\" src=\"https:\/\/fineart.dimanoinmano.it\/magazine\/wp-content\/uploads\/2024\/04\/MOILIL0175695_1-1024x1024.jpg\" alt=\"\" class=\"wp-image-2326\" srcset=\"https:\/\/fineart.dimanoinmano.it\/magazine\/wp-content\/uploads\/2024\/04\/MOILIL0175695_1-1024x1024.jpg 1024w, https:\/\/fineart.dimanoinmano.it\/magazine\/wp-content\/uploads\/2024\/04\/MOILIL0175695_1-300x300.jpg 300w, https:\/\/fineart.dimanoinmano.it\/magazine\/wp-content\/uploads\/2024\/04\/MOILIL0175695_1-150x150.jpg 150w, https:\/\/fineart.dimanoinmano.it\/magazine\/wp-content\/uploads\/2024\/04\/MOILIL0175695_1-768x768.jpg 768w, https:\/\/fineart.dimanoinmano.it\/magazine\/wp-content\/uploads\/2024\/04\/MOILIL0175695_1-60x60.jpg 60w, https:\/\/fineart.dimanoinmano.it\/magazine\/wp-content\/uploads\/2024\/04\/MOILIL0175695_1.jpg 1536w\" sizes=\"auto, (max-width: 1024px) 100vw, 1024px\" \/><figcaption class=\"wp-element-caption\">Lampada &#8220;Tolomeo&#8221;, Michele de Lucchi per Artemide, Compasso d&#8217;Oro 1989<\/figcaption><\/figure>\n<\/figure>\n\n\n\n<div class=\"wp-block-columns is-layout-flex wp-container-core-columns-is-layout-9d6595d7 wp-block-columns-is-layout-flex\">\n<div class=\"wp-block-column is-layout-flow wp-block-column-is-layout-flow\">\n<p>L&#8217;importanza della collezione storica e del suo valore culturale \u00e8 tale da essere recepita anche dal <strong>Ministero dei Beni Culturali \u2013 Soprintendenza Regionale per la Lombardia<\/strong> che con un Decreto nel 2004 la dichiar\u00f2 &#8220;di eccezionale interesse artistico e storico&#8221;, di fatto accreditandola al patrimonio nazionale con tutte le attenzioni di tutela, cura e valorizzazione del caso.<\/p>\n\n\n\n<p>Con la riapertura del museo in una nuova veste nel 2021, sono stati intrapresi anche interessanti progetti in tal senso, come la catalogazione delle opere e il <\/p>\n<\/div>\n\n\n\n<div class=\"wp-block-column is-layout-flow wp-block-column-is-layout-flow\">\n<p>restauro conservativo di una parte di essi, grazie agli studenti del corso di Restauro dell&#8217;Accademia di Belle Arti Aldo Galli di Como e in accordo con lo IED, il quale figura tra i nuovi partner istituzionali.<\/p>\n\n\n\n<p>Una vera e propria rivoluzione, un riconoscimento ufficiale e di prestigio dedicato ai prodotti industriali e al design, che non sono pi\u00f9 solamente oggetti ma diventano, cos\u00ec come le opere del passato, la chiara espressione di un gusto e dei costumi identitari di un&#8217;epoca.<\/p>\n<\/div>\n<\/div>\n\n\n\n<p><\/p>\n","protected":false},"excerpt":{"rendered":"<p>Compasso d&#8217;oro<\/p>\n","protected":false},"author":1,"featured_media":2320,"comment_status":"closed","ping_status":"closed","sticky":false,"template":"","format":"standard","meta":{"_acf_changed":false,"footnotes":""},"categories":[3],"tags":[],"class_list":["post-2318","post","type-post","status-publish","format-standard","has-post-thumbnail","hentry","category-mostre-ed-eventi"],"acf":[],"yoast_head":"<!-- This site is optimized with the Yoast SEO plugin v23.1 - https:\/\/yoast.com\/wordpress\/plugins\/seo\/ -->\n<title>Compasso d&#039;oro e ADI Museum - FineArt Magazine<\/title>\n<meta name=\"description\" content=\"Il Compasso d&#039;Oro fu ideato nel 1954 da Gio Ponti e affidato dal 1958 ad ADI (Assocazione per il Disegno Industriale).\" \/>\n<meta name=\"robots\" content=\"index, follow, max-snippet:-1, max-image-preview:large, max-video-preview:-1\" \/>\n<link rel=\"canonical\" href=\"https:\/\/fineart.dimanoinmano.it\/magazine\/compasso-doro-e-adi-museum\/\" \/>\n<meta property=\"og:locale\" content=\"it_IT\" \/>\n<meta property=\"og:type\" content=\"article\" \/>\n<meta property=\"og:title\" content=\"Compasso d&#039;oro e ADI Museum - FineArt Magazine\" \/>\n<meta property=\"og:description\" content=\"Il Compasso d&#039;Oro fu ideato nel 1954 da Gio Ponti e affidato dal 1958 ad ADI (Assocazione per il Disegno Industriale).\" \/>\n<meta property=\"og:url\" content=\"https:\/\/fineart.dimanoinmano.it\/magazine\/compasso-doro-e-adi-museum\/\" \/>\n<meta property=\"og:site_name\" content=\"FineArt Magazine\" \/>\n<meta property=\"article:published_time\" content=\"2024-04-22T09:00:00+00:00\" \/>\n<meta property=\"article:modified_time\" content=\"2024-04-15T10:22:39+00:00\" \/>\n<meta property=\"og:image\" content=\"https:\/\/fineart.dimanoinmano.it\/magazine\/wp-content\/uploads\/2024\/04\/ADI_Design_Museum_ingresso_principale-1-scaled.jpg\" \/>\n\t<meta property=\"og:image:width\" content=\"1920\" \/>\n\t<meta property=\"og:image:height\" content=\"2560\" \/>\n\t<meta property=\"og:image:type\" content=\"image\/jpeg\" \/>\n<meta name=\"author\" content=\"FineArt\" \/>\n<meta name=\"twitter:card\" content=\"summary_large_image\" \/>\n<meta name=\"twitter:label1\" content=\"Scritto da\" \/>\n\t<meta name=\"twitter:data1\" content=\"FineArt\" \/>\n\t<meta name=\"twitter:label2\" content=\"Tempo di lettura stimato\" \/>\n\t<meta name=\"twitter:data2\" content=\"5 minuti\" \/>\n<script type=\"application\/ld+json\" class=\"yoast-schema-graph\">{\"@context\":\"https:\/\/schema.org\",\"@graph\":[{\"@type\":\"Article\",\"@id\":\"https:\/\/fineart.dimanoinmano.it\/magazine\/compasso-doro-e-adi-museum\/#article\",\"isPartOf\":{\"@id\":\"https:\/\/fineart.dimanoinmano.it\/magazine\/compasso-doro-e-adi-museum\/\"},\"author\":{\"name\":\"FineArt\",\"@id\":\"https:\/\/fineart.dimanoinmano.it\/magazine\/#\/schema\/person\/1d7dcf6ebd921f9994302c6cf77bc089\"},\"headline\":\"Compasso d&#8217;oro e ADI Museum\",\"datePublished\":\"2024-04-22T09:00:00+00:00\",\"dateModified\":\"2024-04-15T10:22:39+00:00\",\"mainEntityOfPage\":{\"@id\":\"https:\/\/fineart.dimanoinmano.it\/magazine\/compasso-doro-e-adi-museum\/\"},\"wordCount\":746,\"publisher\":{\"@id\":\"https:\/\/fineart.dimanoinmano.it\/magazine\/#organization\"},\"image\":{\"@id\":\"https:\/\/fineart.dimanoinmano.it\/magazine\/compasso-doro-e-adi-museum\/#primaryimage\"},\"thumbnailUrl\":\"https:\/\/fineart.dimanoinmano.it\/magazine\/wp-content\/uploads\/2024\/04\/ADI_Design_Museum_ingresso_principale-1-scaled.jpg\",\"articleSection\":[\"Mostre ed Eventi\"],\"inLanguage\":\"it-IT\"},{\"@type\":\"WebPage\",\"@id\":\"https:\/\/fineart.dimanoinmano.it\/magazine\/compasso-doro-e-adi-museum\/\",\"url\":\"https:\/\/fineart.dimanoinmano.it\/magazine\/compasso-doro-e-adi-museum\/\",\"name\":\"Compasso d'oro e ADI Museum - FineArt Magazine\",\"isPartOf\":{\"@id\":\"https:\/\/fineart.dimanoinmano.it\/magazine\/#website\"},\"primaryImageOfPage\":{\"@id\":\"https:\/\/fineart.dimanoinmano.it\/magazine\/compasso-doro-e-adi-museum\/#primaryimage\"},\"image\":{\"@id\":\"https:\/\/fineart.dimanoinmano.it\/magazine\/compasso-doro-e-adi-museum\/#primaryimage\"},\"thumbnailUrl\":\"https:\/\/fineart.dimanoinmano.it\/magazine\/wp-content\/uploads\/2024\/04\/ADI_Design_Museum_ingresso_principale-1-scaled.jpg\",\"datePublished\":\"2024-04-22T09:00:00+00:00\",\"dateModified\":\"2024-04-15T10:22:39+00:00\",\"description\":\"Il Compasso d'Oro fu ideato nel 1954 da Gio Ponti e affidato dal 1958 ad ADI (Assocazione per il Disegno Industriale).\",\"breadcrumb\":{\"@id\":\"https:\/\/fineart.dimanoinmano.it\/magazine\/compasso-doro-e-adi-museum\/#breadcrumb\"},\"inLanguage\":\"it-IT\",\"potentialAction\":[{\"@type\":\"ReadAction\",\"target\":[\"https:\/\/fineart.dimanoinmano.it\/magazine\/compasso-doro-e-adi-museum\/\"]}]},{\"@type\":\"ImageObject\",\"inLanguage\":\"it-IT\",\"@id\":\"https:\/\/fineart.dimanoinmano.it\/magazine\/compasso-doro-e-adi-museum\/#primaryimage\",\"url\":\"https:\/\/fineart.dimanoinmano.it\/magazine\/wp-content\/uploads\/2024\/04\/ADI_Design_Museum_ingresso_principale-1-scaled.jpg\",\"contentUrl\":\"https:\/\/fineart.dimanoinmano.it\/magazine\/wp-content\/uploads\/2024\/04\/ADI_Design_Museum_ingresso_principale-1-scaled.jpg\",\"width\":1920,\"height\":2560,\"caption\":\"ADI Design Museum\"},{\"@type\":\"BreadcrumbList\",\"@id\":\"https:\/\/fineart.dimanoinmano.it\/magazine\/compasso-doro-e-adi-museum\/#breadcrumb\",\"itemListElement\":[{\"@type\":\"ListItem\",\"position\":1,\"name\":\"Home\",\"item\":\"https:\/\/fineart.dimanoinmano.it\/magazine\/\"},{\"@type\":\"ListItem\",\"position\":2,\"name\":\"Compasso d&#8217;oro e ADI Museum\"}]},{\"@type\":\"WebSite\",\"@id\":\"https:\/\/fineart.dimanoinmano.it\/magazine\/#website\",\"url\":\"https:\/\/fineart.dimanoinmano.it\/magazine\/\",\"name\":\"FineArt Magazine\",\"description\":\"\",\"publisher\":{\"@id\":\"https:\/\/fineart.dimanoinmano.it\/magazine\/#organization\"},\"potentialAction\":[{\"@type\":\"SearchAction\",\"target\":{\"@type\":\"EntryPoint\",\"urlTemplate\":\"https:\/\/fineart.dimanoinmano.it\/magazine\/?s={search_term_string}\"},\"query-input\":\"required name=search_term_string\"}],\"inLanguage\":\"it-IT\"},{\"@type\":\"Organization\",\"@id\":\"https:\/\/fineart.dimanoinmano.it\/magazine\/#organization\",\"name\":\"FineArt Magazine\",\"url\":\"https:\/\/fineart.dimanoinmano.it\/magazine\/\",\"logo\":{\"@type\":\"ImageObject\",\"inLanguage\":\"it-IT\",\"@id\":\"https:\/\/fineart.dimanoinmano.it\/magazine\/#\/schema\/logo\/image\/\",\"url\":\"https:\/\/fineart.dimanoinmano.it\/magazine\/wp-content\/uploads\/2023\/03\/logo_fineart.png\",\"contentUrl\":\"https:\/\/fineart.dimanoinmano.it\/magazine\/wp-content\/uploads\/2023\/03\/logo_fineart.png\",\"width\":892,\"height\":115,\"caption\":\"FineArt Magazine\"},\"image\":{\"@id\":\"https:\/\/fineart.dimanoinmano.it\/magazine\/#\/schema\/logo\/image\/\"}},{\"@type\":\"Person\",\"@id\":\"https:\/\/fineart.dimanoinmano.it\/magazine\/#\/schema\/person\/1d7dcf6ebd921f9994302c6cf77bc089\",\"name\":\"FineArt\",\"image\":{\"@type\":\"ImageObject\",\"inLanguage\":\"it-IT\",\"@id\":\"https:\/\/fineart.dimanoinmano.it\/magazine\/#\/schema\/person\/image\/\",\"url\":\"https:\/\/secure.gravatar.com\/avatar\/99156fafcef61e51efc39bfd57ce0995a619a700c1761355b53b71090b5b665b?s=96&d=https%3A%2F%2Ffineart.dimanoinmano.it%2Fmagazine%2Fwp-content%2Fuploads%2F2023%2F03%2Fgravatar_fineart.png&r=g\",\"contentUrl\":\"https:\/\/secure.gravatar.com\/avatar\/99156fafcef61e51efc39bfd57ce0995a619a700c1761355b53b71090b5b665b?s=96&d=https%3A%2F%2Ffineart.dimanoinmano.it%2Fmagazine%2Fwp-content%2Fuploads%2F2023%2F03%2Fgravatar_fineart.png&r=g\",\"caption\":\"FineArt\"},\"description\":\"FineArt \u00e8 il progetto Di Mano in Mano che propone una selezione esclusiva di opere di antiquariato e design, presentandole per la loro singolarit\u00e0 e unicit\u00e0.\",\"sameAs\":[\"https:\/\/fineart.dimanoinmano.it\/magazine\"],\"url\":\"https:\/\/fineart.dimanoinmano.it\/magazine\/author\/fineartuk_magazine\/\"}]}<\/script>\n<!-- \/ Yoast SEO plugin. -->","yoast_head_json":{"title":"Compasso d'oro e ADI Museum - FineArt Magazine","description":"Il Compasso d'Oro fu ideato nel 1954 da Gio Ponti e affidato dal 1958 ad ADI (Assocazione per il Disegno Industriale).","robots":{"index":"index","follow":"follow","max-snippet":"max-snippet:-1","max-image-preview":"max-image-preview:large","max-video-preview":"max-video-preview:-1"},"canonical":"https:\/\/fineart.dimanoinmano.it\/magazine\/compasso-doro-e-adi-museum\/","og_locale":"it_IT","og_type":"article","og_title":"Compasso d'oro e ADI Museum - FineArt Magazine","og_description":"Il Compasso d'Oro fu ideato nel 1954 da Gio Ponti e affidato dal 1958 ad ADI (Assocazione per il Disegno Industriale).","og_url":"https:\/\/fineart.dimanoinmano.it\/magazine\/compasso-doro-e-adi-museum\/","og_site_name":"FineArt Magazine","article_published_time":"2024-04-22T09:00:00+00:00","article_modified_time":"2024-04-15T10:22:39+00:00","og_image":[{"width":1920,"height":2560,"url":"https:\/\/fineart.dimanoinmano.it\/magazine\/wp-content\/uploads\/2024\/04\/ADI_Design_Museum_ingresso_principale-1-scaled.jpg","type":"image\/jpeg"}],"author":"FineArt","twitter_card":"summary_large_image","twitter_misc":{"Scritto da":"FineArt","Tempo di lettura stimato":"5 minuti"},"schema":{"@context":"https:\/\/schema.org","@graph":[{"@type":"Article","@id":"https:\/\/fineart.dimanoinmano.it\/magazine\/compasso-doro-e-adi-museum\/#article","isPartOf":{"@id":"https:\/\/fineart.dimanoinmano.it\/magazine\/compasso-doro-e-adi-museum\/"},"author":{"name":"FineArt","@id":"https:\/\/fineart.dimanoinmano.it\/magazine\/#\/schema\/person\/1d7dcf6ebd921f9994302c6cf77bc089"},"headline":"Compasso d&#8217;oro e ADI Museum","datePublished":"2024-04-22T09:00:00+00:00","dateModified":"2024-04-15T10:22:39+00:00","mainEntityOfPage":{"@id":"https:\/\/fineart.dimanoinmano.it\/magazine\/compasso-doro-e-adi-museum\/"},"wordCount":746,"publisher":{"@id":"https:\/\/fineart.dimanoinmano.it\/magazine\/#organization"},"image":{"@id":"https:\/\/fineart.dimanoinmano.it\/magazine\/compasso-doro-e-adi-museum\/#primaryimage"},"thumbnailUrl":"https:\/\/fineart.dimanoinmano.it\/magazine\/wp-content\/uploads\/2024\/04\/ADI_Design_Museum_ingresso_principale-1-scaled.jpg","articleSection":["Mostre ed Eventi"],"inLanguage":"it-IT"},{"@type":"WebPage","@id":"https:\/\/fineart.dimanoinmano.it\/magazine\/compasso-doro-e-adi-museum\/","url":"https:\/\/fineart.dimanoinmano.it\/magazine\/compasso-doro-e-adi-museum\/","name":"Compasso d'oro e ADI Museum - FineArt Magazine","isPartOf":{"@id":"https:\/\/fineart.dimanoinmano.it\/magazine\/#website"},"primaryImageOfPage":{"@id":"https:\/\/fineart.dimanoinmano.it\/magazine\/compasso-doro-e-adi-museum\/#primaryimage"},"image":{"@id":"https:\/\/fineart.dimanoinmano.it\/magazine\/compasso-doro-e-adi-museum\/#primaryimage"},"thumbnailUrl":"https:\/\/fineart.dimanoinmano.it\/magazine\/wp-content\/uploads\/2024\/04\/ADI_Design_Museum_ingresso_principale-1-scaled.jpg","datePublished":"2024-04-22T09:00:00+00:00","dateModified":"2024-04-15T10:22:39+00:00","description":"Il Compasso d'Oro fu ideato nel 1954 da Gio Ponti e affidato dal 1958 ad ADI (Assocazione per il Disegno Industriale).","breadcrumb":{"@id":"https:\/\/fineart.dimanoinmano.it\/magazine\/compasso-doro-e-adi-museum\/#breadcrumb"},"inLanguage":"it-IT","potentialAction":[{"@type":"ReadAction","target":["https:\/\/fineart.dimanoinmano.it\/magazine\/compasso-doro-e-adi-museum\/"]}]},{"@type":"ImageObject","inLanguage":"it-IT","@id":"https:\/\/fineart.dimanoinmano.it\/magazine\/compasso-doro-e-adi-museum\/#primaryimage","url":"https:\/\/fineart.dimanoinmano.it\/magazine\/wp-content\/uploads\/2024\/04\/ADI_Design_Museum_ingresso_principale-1-scaled.jpg","contentUrl":"https:\/\/fineart.dimanoinmano.it\/magazine\/wp-content\/uploads\/2024\/04\/ADI_Design_Museum_ingresso_principale-1-scaled.jpg","width":1920,"height":2560,"caption":"ADI Design Museum"},{"@type":"BreadcrumbList","@id":"https:\/\/fineart.dimanoinmano.it\/magazine\/compasso-doro-e-adi-museum\/#breadcrumb","itemListElement":[{"@type":"ListItem","position":1,"name":"Home","item":"https:\/\/fineart.dimanoinmano.it\/magazine\/"},{"@type":"ListItem","position":2,"name":"Compasso d&#8217;oro e ADI Museum"}]},{"@type":"WebSite","@id":"https:\/\/fineart.dimanoinmano.it\/magazine\/#website","url":"https:\/\/fineart.dimanoinmano.it\/magazine\/","name":"FineArt Magazine","description":"","publisher":{"@id":"https:\/\/fineart.dimanoinmano.it\/magazine\/#organization"},"potentialAction":[{"@type":"SearchAction","target":{"@type":"EntryPoint","urlTemplate":"https:\/\/fineart.dimanoinmano.it\/magazine\/?s={search_term_string}"},"query-input":"required name=search_term_string"}],"inLanguage":"it-IT"},{"@type":"Organization","@id":"https:\/\/fineart.dimanoinmano.it\/magazine\/#organization","name":"FineArt Magazine","url":"https:\/\/fineart.dimanoinmano.it\/magazine\/","logo":{"@type":"ImageObject","inLanguage":"it-IT","@id":"https:\/\/fineart.dimanoinmano.it\/magazine\/#\/schema\/logo\/image\/","url":"https:\/\/fineart.dimanoinmano.it\/magazine\/wp-content\/uploads\/2023\/03\/logo_fineart.png","contentUrl":"https:\/\/fineart.dimanoinmano.it\/magazine\/wp-content\/uploads\/2023\/03\/logo_fineart.png","width":892,"height":115,"caption":"FineArt Magazine"},"image":{"@id":"https:\/\/fineart.dimanoinmano.it\/magazine\/#\/schema\/logo\/image\/"}},{"@type":"Person","@id":"https:\/\/fineart.dimanoinmano.it\/magazine\/#\/schema\/person\/1d7dcf6ebd921f9994302c6cf77bc089","name":"FineArt","image":{"@type":"ImageObject","inLanguage":"it-IT","@id":"https:\/\/fineart.dimanoinmano.it\/magazine\/#\/schema\/person\/image\/","url":"https:\/\/secure.gravatar.com\/avatar\/99156fafcef61e51efc39bfd57ce0995a619a700c1761355b53b71090b5b665b?s=96&d=https%3A%2F%2Ffineart.dimanoinmano.it%2Fmagazine%2Fwp-content%2Fuploads%2F2023%2F03%2Fgravatar_fineart.png&r=g","contentUrl":"https:\/\/secure.gravatar.com\/avatar\/99156fafcef61e51efc39bfd57ce0995a619a700c1761355b53b71090b5b665b?s=96&d=https%3A%2F%2Ffineart.dimanoinmano.it%2Fmagazine%2Fwp-content%2Fuploads%2F2023%2F03%2Fgravatar_fineart.png&r=g","caption":"FineArt"},"description":"FineArt \u00e8 il progetto Di Mano in Mano che propone una selezione esclusiva di opere di antiquariato e design, presentandole per la loro singolarit\u00e0 e unicit\u00e0.","sameAs":["https:\/\/fineart.dimanoinmano.it\/magazine"],"url":"https:\/\/fineart.dimanoinmano.it\/magazine\/author\/fineartuk_magazine\/"}]}},"_links":{"self":[{"href":"https:\/\/fineart.dimanoinmano.it\/magazine\/wp-json\/wp\/v2\/posts\/2318","targetHints":{"allow":["GET"]}}],"collection":[{"href":"https:\/\/fineart.dimanoinmano.it\/magazine\/wp-json\/wp\/v2\/posts"}],"about":[{"href":"https:\/\/fineart.dimanoinmano.it\/magazine\/wp-json\/wp\/v2\/types\/post"}],"author":[{"embeddable":true,"href":"https:\/\/fineart.dimanoinmano.it\/magazine\/wp-json\/wp\/v2\/users\/1"}],"replies":[{"embeddable":true,"href":"https:\/\/fineart.dimanoinmano.it\/magazine\/wp-json\/wp\/v2\/comments?post=2318"}],"version-history":[{"count":3,"href":"https:\/\/fineart.dimanoinmano.it\/magazine\/wp-json\/wp\/v2\/posts\/2318\/revisions"}],"predecessor-version":[{"id":2327,"href":"https:\/\/fineart.dimanoinmano.it\/magazine\/wp-json\/wp\/v2\/posts\/2318\/revisions\/2327"}],"wp:featuredmedia":[{"embeddable":true,"href":"https:\/\/fineart.dimanoinmano.it\/magazine\/wp-json\/wp\/v2\/media\/2320"}],"wp:attachment":[{"href":"https:\/\/fineart.dimanoinmano.it\/magazine\/wp-json\/wp\/v2\/media?parent=2318"}],"wp:term":[{"taxonomy":"category","embeddable":true,"href":"https:\/\/fineart.dimanoinmano.it\/magazine\/wp-json\/wp\/v2\/categories?post=2318"},{"taxonomy":"post_tag","embeddable":true,"href":"https:\/\/fineart.dimanoinmano.it\/magazine\/wp-json\/wp\/v2\/tags?post=2318"}],"curies":[{"name":"wp","href":"https:\/\/api.w.org\/{rel}","templated":true}]}}