{"id":2309,"date":"2024-04-08T10:03:01","date_gmt":"2024-04-08T08:03:01","guid":{"rendered":"https:\/\/fineart.dimanoinmano.it\/magazine\/?p=2309"},"modified":"2024-04-08T10:03:02","modified_gmt":"2024-04-08T08:03:02","slug":"il-salone-internazionale-del-mobile-e-il-fuori-salone","status":"publish","type":"post","link":"https:\/\/fineart.dimanoinmano.it\/magazine\/il-salone-internazionale-del-mobile-e-il-fuori-salone\/","title":{"rendered":"Il Salone Internazionale del Mobile e il Fuori Salone"},"content":{"rendered":"\n<div class=\"wp-block-columns is-layout-flex wp-container-core-columns-is-layout-9d6595d7 wp-block-columns-is-layout-flex\">\n<div class=\"wp-block-column is-layout-flow wp-block-column-is-layout-flow\">\n<p>Il Salone Internazionale del Mobile e il Fuori Salone sono due appuntamenti attesi non soltanto dalla citt\u00e0 di Milano, ma dall&#8217;intero mondo del design, dagli appassionati agli addetti al settore.<\/p>\n\n\n\n<p>In concomitanza con la <strong>Design Week<\/strong> del capoluogo lombardo, i due eventi hanno il pregio di proporsi come vetrina per le innovazioni e le icone nell&#8217;ambito dell&#8217;arredamento di interni, proponendo anche un interessante quanto suggestivo corollario di manifestazioni culturali, come installazioni o approfondimenti su specifiche tematiche.<\/p>\n<\/div>\n\n\n\n<div class=\"wp-block-column is-layout-flow wp-block-column-is-layout-flow\">\n<p>Il Salone si terr\u00e0 quest&#8217;anno dal <strong>16 al 21 aprile<\/strong>, presso i padiglioni di <strong>Fiera Milano Rho<\/strong>, ed \u00e8 oramai giunto alla sua 62 edizione.<\/p>\n\n\n\n<p>La prima si tenne, come Salone del Mobile, nel 1961, presso la Fiera di Milano e vi parteciparono 328 aziende, potendo vantare pi\u00f9 di 12.000 visitatori, diversi dei quali stranieri.<\/p>\n<\/div>\n<\/div>\n\n\n<div class=\"wp-block-image\">\n<figure class=\"aligncenter size-full\"><img loading=\"lazy\" decoding=\"async\" width=\"796\" height=\"535\" src=\"https:\/\/fineart.dimanoinmano.it\/magazine\/wp-content\/uploads\/2024\/04\/Rho.png\" alt=\"Fiera Milano Rho\" class=\"wp-image-2313\" srcset=\"https:\/\/fineart.dimanoinmano.it\/magazine\/wp-content\/uploads\/2024\/04\/Rho.png 796w, https:\/\/fineart.dimanoinmano.it\/magazine\/wp-content\/uploads\/2024\/04\/Rho-300x202.png 300w, https:\/\/fineart.dimanoinmano.it\/magazine\/wp-content\/uploads\/2024\/04\/Rho-768x516.png 768w\" sizes=\"auto, (max-width: 796px) 100vw, 796px\" \/><figcaption class=\"wp-element-caption\">Fiera Milano Rho<\/figcaption><\/figure>\n<\/div>\n\n\n<div class=\"wp-block-columns is-layout-flex wp-container-core-columns-is-layout-9d6595d7 wp-block-columns-is-layout-flex\">\n<div class=\"wp-block-column is-layout-flow wp-block-column-is-layout-flow\">\n<p>Con la crescita, negli anni successivi, di adesioni e riconoscimenti, ne fu attestato il carattere di internazionalit\u00e0, assumendo l&#8217;attuale nomenclatura di <strong>Salone Internazionale del Mobile<\/strong> e nel 1994 ne fu ammesso il primato mondiale, rispetto ad altre esposizioni di settore, in primis quella che fin dalle origini era stata la principale concorrente: la <em>Koelnmesse<\/em> di Colonia.<\/p>\n\n\n\n<p>Leggendo l&#8217;elenco degli espositori che ad aprile 2024 presenzieranno alla fiera, appare fin da subito evidente <\/p>\n<\/div>\n\n\n\n<div class=\"wp-block-column is-layout-flow wp-block-column-is-layout-flow\">\n<p>la grande eterogeneit\u00e0 degli stessi e della loro provenienza, tutti contraddistinti dall&#8217;innovazione e alta qualit\u00e0 dei prodotti proposti.<\/p>\n\n\n\n<p>Una delle installazioni pi\u00f9 attese \u00e8 <strong>\u201cInteriors by David Lynch. A Thinking Room\u201d<\/strong>, delle &#8220;stanze del pensiero&#8221; che fungono simbolicamente da portali di accesso alla fiera (per un approfondimento, leggi l<a href=\"https:\/\/www.salonemilano.it\/it\/articoli\/le-stanze-oniriche-di-david-lynch-al-salone-del-mobilemilano-2024\">&#8216;intervista al curatore Antonio Monda<\/a>).<\/p>\n<\/div>\n<\/div>\n\n\n<div class=\"wp-block-image\">\n<figure class=\"aligncenter size-full\"><img loading=\"lazy\" decoding=\"async\" width=\"797\" height=\"483\" src=\"https:\/\/fineart.dimanoinmano.it\/magazine\/wp-content\/uploads\/2024\/04\/Cattura.png\" alt=\"FuoriSalone, Universit\u00e0 degli studi di Milano\" class=\"wp-image-2314\" srcset=\"https:\/\/fineart.dimanoinmano.it\/magazine\/wp-content\/uploads\/2024\/04\/Cattura.png 797w, https:\/\/fineart.dimanoinmano.it\/magazine\/wp-content\/uploads\/2024\/04\/Cattura-300x182.png 300w, https:\/\/fineart.dimanoinmano.it\/magazine\/wp-content\/uploads\/2024\/04\/Cattura-768x465.png 768w\" sizes=\"auto, (max-width: 797px) 100vw, 797px\" \/><figcaption class=\"wp-element-caption\">Fuori Salone, Universit\u00e0 degli Studi di Milano, via Festa del Perdono<\/figcaption><\/figure>\n<\/div>\n\n\n<div class=\"wp-block-columns is-layout-flex wp-container-core-columns-is-layout-9d6595d7 wp-block-columns-is-layout-flex\">\n<div class=\"wp-block-column is-layout-flow wp-block-column-is-layout-flow\">\n<p>Di data pi\u00f9 recente \u00e8 il <strong>Fuori Salone<\/strong>, non una fiera in capo a un ente organizzatore, ma un evento spontaneo, nato dalla volont\u00e0 di diverse realt\u00e0. In concomitanza con il Salone, gi\u00e0 dagli anni Ottanta, alcune aziende operanti nel settore dell&#8217;arredamento e del design iniziarono a organizzarsi autonomamente, proponendo eventi o particolari esposizioni presso i propri showroom, sparsi per la citt\u00e0. Nel 1991 divenne un vero e proprio evento ufficiale, grazie all&#8217;intraprendenza della rivista <em>Interni<\/em> che si occup\u00f2 della comunicazione e promozione, creandone il logo e realizzando la prima guida alle varie manifestazioni afferenti l&#8217;evento.<\/p>\n<\/div>\n\n\n\n<div class=\"wp-block-column is-layout-flow wp-block-column-is-layout-flow\">\n<p>Nato dunque in modo spontaneo, su iniziativa delle singole realt\u00e0, nel corso degli anni ha avuto un successo sempre maggiore, venendo riconosciuto anch&#8217;esso a livello internazionale e vedendo accrescere sempre pi\u00f9 le realt\u00e0 partecipanti, consapevoli dell&#8217;importanza della prestigiosa vetrina. Come \u00e8 intuibile, non c&#8217;\u00e8 una sede precisa, ma il Fuori Salone si svolge per tutta la citt\u00e0, anche se naturalmente si sono venuti a creare dei luoghi, i distretti, accentratori di iniziative, per la loro posizione, per la presenza pi\u00f9 massiccia di realt\u00e0 di settore e perch\u00e9 catalizzatrici di eventi culturali. <\/p>\n<\/div>\n<\/div>\n\n\n<div class=\"wp-block-image\">\n<figure class=\"aligncenter size-full\"><img loading=\"lazy\" decoding=\"async\" width=\"800\" height=\"600\" src=\"https:\/\/fineart.dimanoinmano.it\/magazine\/wp-content\/uploads\/2024\/04\/800px-__12_-_ITALY_-_Milan_Design_Week_Fuorisalone_The_Secret_Garden_by_Paola_Navone_and_Barovier__Toso_04.jpg\" alt=\"Fuori Salone 2012, The Secret Garden by Paola Navone and Barovier &amp; Toso.\" class=\"wp-image-2315\" srcset=\"https:\/\/fineart.dimanoinmano.it\/magazine\/wp-content\/uploads\/2024\/04\/800px-__12_-_ITALY_-_Milan_Design_Week_Fuorisalone_The_Secret_Garden_by_Paola_Navone_and_Barovier__Toso_04.jpg 800w, https:\/\/fineart.dimanoinmano.it\/magazine\/wp-content\/uploads\/2024\/04\/800px-__12_-_ITALY_-_Milan_Design_Week_Fuorisalone_The_Secret_Garden_by_Paola_Navone_and_Barovier__Toso_04-300x225.jpg 300w, https:\/\/fineart.dimanoinmano.it\/magazine\/wp-content\/uploads\/2024\/04\/800px-__12_-_ITALY_-_Milan_Design_Week_Fuorisalone_The_Secret_Garden_by_Paola_Navone_and_Barovier__Toso_04-768x576.jpg 768w\" sizes=\"auto, (max-width: 800px) 100vw, 800px\" \/><figcaption class=\"wp-element-caption\">Fuori Salone 2012, <em>The Secret Garden by Paola Navone and Barovier &amp; Toso<\/em>.<\/figcaption><\/figure>\n<\/div>\n\n\n<div class=\"wp-block-columns is-layout-flex wp-container-core-columns-is-layout-9d6595d7 wp-block-columns-is-layout-flex\">\n<div class=\"wp-block-column is-layout-flow wp-block-column-is-layout-flow\">\n<p>Interessante segnalare come anche realt\u00e0 istituzionali quali l&#8217;Universit\u00e0 degli Studi di Milano, nella sua sede centrale di via Festa del Perdono, accolga questa tipologia di eventi, ospitando oramai da anni nei suoi chiostri, stand e installazioni afferenti al Fuori Salone.<\/p>\n\n\n\n<p>Anche quest&#8217;anno il <a href=\"https:\/\/www.fuorisalone.it\/it\/\">Fuori Salone<\/a> si riconferma come un&#8217;iniziativa molto partecipata, con pi\u00f9 di 800 iniziative che costellano la citt\u00e0 meneghina, potendo vantare numerosi tra i brand e designer pi\u00f9 importanti e influenti nel panorama internazionale.<\/p>\n\n\n\n<p>Un grande fermento \u00e8 atteso per la settimana della <strong>Milano Design Week<\/strong>, durante la quale i visitatori sono invitati a partecipare non solo con la loro presenza, ma anche esprimendo la loro preferenza per individuare gli eventi pi\u00f9 memorabili.<\/p>\n<\/div>\n\n\n\n<div class=\"wp-block-column is-layout-flow wp-block-column-is-layout-flow\">\n<p>Il <strong>FuoriSalone Award<\/strong>, rivolto tanto alle installazioni quanto ai progetti e alle attivit\u00e0 di rilevanza; ma anche l&#8217;istituzione di cinque premi speciali, conferiti dal giudizio congiunto di un Comitato tecnico e della redazione di fuorisalone.it, dedicati a progetti di rilevanza e distinti per <strong>Interazione, Sostenibilit\u00e0, Tecnologia, Comunicazione e la new entry decretata dai Media Partner.<\/strong><\/p>\n\n\n\n<p>Sempre una maggiore attenzione dunque alle innovazioni non solo estetiche, ma anche tecnologiche, nell&#8217;ottica di sostinibilit\u00e0 e fruibilit\u00e0 delle proposte stesse.<\/p>\n<\/div>\n<\/div>\n","protected":false},"excerpt":{"rendered":"<p>Il Salone Internazionale del Mobile e il Fuori Salone sono due appuntamenti attesi non soltanto dalla citt\u00e0 di Milano, ma dall&#8217;intero mondo del design, dagli appassionati agli addetti al settore. In concomitanza con la Design Week del capoluogo lombardo, i due eventi hanno il pregio di proporsi come vetrina per le innovazioni e le icone [&hellip;]<\/p>\n","protected":false},"author":1,"featured_media":2312,"comment_status":"closed","ping_status":"closed","sticky":false,"template":"","format":"standard","meta":{"_acf_changed":false,"footnotes":""},"categories":[3],"tags":[],"class_list":["post-2309","post","type-post","status-publish","format-standard","has-post-thumbnail","hentry","category-mostre-ed-eventi"],"acf":[],"yoast_head":"<!-- This site is optimized with the Yoast SEO plugin v23.1 - https:\/\/yoast.com\/wordpress\/plugins\/seo\/ -->\n<title>Il Salone Internazionale del Mobile e il Fuori Salone - FineArt Magazine<\/title>\n<meta name=\"description\" content=\"Il 14 marzo si \u00e8 conclusa la 37\u00b0 edizione di TEFAF, fiera internazionale di alto antiquariato da anni leader nel settore.\" \/>\n<meta name=\"robots\" content=\"index, follow, max-snippet:-1, max-image-preview:large, max-video-preview:-1\" \/>\n<link rel=\"canonical\" href=\"https:\/\/fineart.dimanoinmano.it\/magazine\/il-salone-internazionale-del-mobile-e-il-fuori-salone\/\" \/>\n<meta property=\"og:locale\" content=\"it_IT\" \/>\n<meta property=\"og:type\" content=\"article\" \/>\n<meta property=\"og:title\" content=\"Il Salone Internazionale del Mobile e il Fuori Salone - FineArt Magazine\" \/>\n<meta property=\"og:description\" content=\"Il 14 marzo si \u00e8 conclusa la 37\u00b0 edizione di TEFAF, fiera internazionale di alto antiquariato da anni leader nel settore.\" \/>\n<meta property=\"og:url\" content=\"https:\/\/fineart.dimanoinmano.it\/magazine\/il-salone-internazionale-del-mobile-e-il-fuori-salone\/\" \/>\n<meta property=\"og:site_name\" content=\"FineArt Magazine\" \/>\n<meta property=\"article:published_time\" content=\"2024-04-08T08:03:01+00:00\" \/>\n<meta property=\"article:modified_time\" content=\"2024-04-08T08:03:02+00:00\" \/>\n<meta property=\"og:image\" content=\"https:\/\/fineart.dimanoinmano.it\/magazine\/wp-content\/uploads\/2024\/04\/800px-__12_Milan_Design_Week_Fuorisalone_Brera_district_09.jpg\" \/>\n\t<meta property=\"og:image:width\" content=\"800\" \/>\n\t<meta property=\"og:image:height\" content=\"600\" \/>\n\t<meta property=\"og:image:type\" content=\"image\/jpeg\" \/>\n<meta name=\"author\" content=\"FineArt\" \/>\n<meta name=\"twitter:card\" content=\"summary_large_image\" \/>\n<meta name=\"twitter:label1\" content=\"Scritto da\" \/>\n\t<meta name=\"twitter:data1\" content=\"FineArt\" \/>\n\t<meta name=\"twitter:label2\" content=\"Tempo di lettura stimato\" \/>\n\t<meta name=\"twitter:data2\" content=\"5 minuti\" \/>\n<script type=\"application\/ld+json\" class=\"yoast-schema-graph\">{\"@context\":\"https:\/\/schema.org\",\"@graph\":[{\"@type\":\"Article\",\"@id\":\"https:\/\/fineart.dimanoinmano.it\/magazine\/il-salone-internazionale-del-mobile-e-il-fuori-salone\/#article\",\"isPartOf\":{\"@id\":\"https:\/\/fineart.dimanoinmano.it\/magazine\/il-salone-internazionale-del-mobile-e-il-fuori-salone\/\"},\"author\":{\"name\":\"FineArt\",\"@id\":\"https:\/\/fineart.dimanoinmano.it\/magazine\/#\/schema\/person\/1d7dcf6ebd921f9994302c6cf77bc089\"},\"headline\":\"Il Salone Internazionale del Mobile e il Fuori Salone\",\"datePublished\":\"2024-04-08T08:03:01+00:00\",\"dateModified\":\"2024-04-08T08:03:02+00:00\",\"mainEntityOfPage\":{\"@id\":\"https:\/\/fineart.dimanoinmano.it\/magazine\/il-salone-internazionale-del-mobile-e-il-fuori-salone\/\"},\"wordCount\":673,\"publisher\":{\"@id\":\"https:\/\/fineart.dimanoinmano.it\/magazine\/#organization\"},\"image\":{\"@id\":\"https:\/\/fineart.dimanoinmano.it\/magazine\/il-salone-internazionale-del-mobile-e-il-fuori-salone\/#primaryimage\"},\"thumbnailUrl\":\"https:\/\/fineart.dimanoinmano.it\/magazine\/wp-content\/uploads\/2024\/04\/800px-__12_Milan_Design_Week_Fuorisalone_Brera_district_09.jpg\",\"articleSection\":[\"Mostre ed Eventi\"],\"inLanguage\":\"it-IT\"},{\"@type\":\"WebPage\",\"@id\":\"https:\/\/fineart.dimanoinmano.it\/magazine\/il-salone-internazionale-del-mobile-e-il-fuori-salone\/\",\"url\":\"https:\/\/fineart.dimanoinmano.it\/magazine\/il-salone-internazionale-del-mobile-e-il-fuori-salone\/\",\"name\":\"Il Salone Internazionale del Mobile e il Fuori Salone - FineArt Magazine\",\"isPartOf\":{\"@id\":\"https:\/\/fineart.dimanoinmano.it\/magazine\/#website\"},\"primaryImageOfPage\":{\"@id\":\"https:\/\/fineart.dimanoinmano.it\/magazine\/il-salone-internazionale-del-mobile-e-il-fuori-salone\/#primaryimage\"},\"image\":{\"@id\":\"https:\/\/fineart.dimanoinmano.it\/magazine\/il-salone-internazionale-del-mobile-e-il-fuori-salone\/#primaryimage\"},\"thumbnailUrl\":\"https:\/\/fineart.dimanoinmano.it\/magazine\/wp-content\/uploads\/2024\/04\/800px-__12_Milan_Design_Week_Fuorisalone_Brera_district_09.jpg\",\"datePublished\":\"2024-04-08T08:03:01+00:00\",\"dateModified\":\"2024-04-08T08:03:02+00:00\",\"description\":\"Il 14 marzo si \u00e8 conclusa la 37\u00b0 edizione di TEFAF, fiera internazionale di alto antiquariato da anni leader nel settore.\",\"breadcrumb\":{\"@id\":\"https:\/\/fineart.dimanoinmano.it\/magazine\/il-salone-internazionale-del-mobile-e-il-fuori-salone\/#breadcrumb\"},\"inLanguage\":\"it-IT\",\"potentialAction\":[{\"@type\":\"ReadAction\",\"target\":[\"https:\/\/fineart.dimanoinmano.it\/magazine\/il-salone-internazionale-del-mobile-e-il-fuori-salone\/\"]}]},{\"@type\":\"ImageObject\",\"inLanguage\":\"it-IT\",\"@id\":\"https:\/\/fineart.dimanoinmano.it\/magazine\/il-salone-internazionale-del-mobile-e-il-fuori-salone\/#primaryimage\",\"url\":\"https:\/\/fineart.dimanoinmano.it\/magazine\/wp-content\/uploads\/2024\/04\/800px-__12_Milan_Design_Week_Fuorisalone_Brera_district_09.jpg\",\"contentUrl\":\"https:\/\/fineart.dimanoinmano.it\/magazine\/wp-content\/uploads\/2024\/04\/800px-__12_Milan_Design_Week_Fuorisalone_Brera_district_09.jpg\",\"width\":800,\"height\":600,\"caption\":\"Milano Design Week, Fuori salone 2012\"},{\"@type\":\"BreadcrumbList\",\"@id\":\"https:\/\/fineart.dimanoinmano.it\/magazine\/il-salone-internazionale-del-mobile-e-il-fuori-salone\/#breadcrumb\",\"itemListElement\":[{\"@type\":\"ListItem\",\"position\":1,\"name\":\"Home\",\"item\":\"https:\/\/fineart.dimanoinmano.it\/magazine\/\"},{\"@type\":\"ListItem\",\"position\":2,\"name\":\"Il Salone Internazionale del Mobile e il Fuori Salone\"}]},{\"@type\":\"WebSite\",\"@id\":\"https:\/\/fineart.dimanoinmano.it\/magazine\/#website\",\"url\":\"https:\/\/fineart.dimanoinmano.it\/magazine\/\",\"name\":\"FineArt Magazine\",\"description\":\"\",\"publisher\":{\"@id\":\"https:\/\/fineart.dimanoinmano.it\/magazine\/#organization\"},\"potentialAction\":[{\"@type\":\"SearchAction\",\"target\":{\"@type\":\"EntryPoint\",\"urlTemplate\":\"https:\/\/fineart.dimanoinmano.it\/magazine\/?s={search_term_string}\"},\"query-input\":\"required name=search_term_string\"}],\"inLanguage\":\"it-IT\"},{\"@type\":\"Organization\",\"@id\":\"https:\/\/fineart.dimanoinmano.it\/magazine\/#organization\",\"name\":\"FineArt Magazine\",\"url\":\"https:\/\/fineart.dimanoinmano.it\/magazine\/\",\"logo\":{\"@type\":\"ImageObject\",\"inLanguage\":\"it-IT\",\"@id\":\"https:\/\/fineart.dimanoinmano.it\/magazine\/#\/schema\/logo\/image\/\",\"url\":\"https:\/\/fineart.dimanoinmano.it\/magazine\/wp-content\/uploads\/2023\/03\/logo_fineart.png\",\"contentUrl\":\"https:\/\/fineart.dimanoinmano.it\/magazine\/wp-content\/uploads\/2023\/03\/logo_fineart.png\",\"width\":892,\"height\":115,\"caption\":\"FineArt Magazine\"},\"image\":{\"@id\":\"https:\/\/fineart.dimanoinmano.it\/magazine\/#\/schema\/logo\/image\/\"}},{\"@type\":\"Person\",\"@id\":\"https:\/\/fineart.dimanoinmano.it\/magazine\/#\/schema\/person\/1d7dcf6ebd921f9994302c6cf77bc089\",\"name\":\"FineArt\",\"image\":{\"@type\":\"ImageObject\",\"inLanguage\":\"it-IT\",\"@id\":\"https:\/\/fineart.dimanoinmano.it\/magazine\/#\/schema\/person\/image\/\",\"url\":\"https:\/\/secure.gravatar.com\/avatar\/99156fafcef61e51efc39bfd57ce0995a619a700c1761355b53b71090b5b665b?s=96&d=https%3A%2F%2Ffineart.dimanoinmano.it%2Fmagazine%2Fwp-content%2Fuploads%2F2023%2F03%2Fgravatar_fineart.png&r=g\",\"contentUrl\":\"https:\/\/secure.gravatar.com\/avatar\/99156fafcef61e51efc39bfd57ce0995a619a700c1761355b53b71090b5b665b?s=96&d=https%3A%2F%2Ffineart.dimanoinmano.it%2Fmagazine%2Fwp-content%2Fuploads%2F2023%2F03%2Fgravatar_fineart.png&r=g\",\"caption\":\"FineArt\"},\"description\":\"FineArt \u00e8 il progetto Di Mano in Mano che propone una selezione esclusiva di opere di antiquariato e design, presentandole per la loro singolarit\u00e0 e unicit\u00e0.\",\"sameAs\":[\"https:\/\/fineart.dimanoinmano.it\/magazine\"],\"url\":\"https:\/\/fineart.dimanoinmano.it\/magazine\/author\/fineartuk_magazine\/\"}]}<\/script>\n<!-- \/ Yoast SEO plugin. -->","yoast_head_json":{"title":"Il Salone Internazionale del Mobile e il Fuori Salone - FineArt Magazine","description":"Il 14 marzo si \u00e8 conclusa la 37\u00b0 edizione di TEFAF, fiera internazionale di alto antiquariato da anni leader nel settore.","robots":{"index":"index","follow":"follow","max-snippet":"max-snippet:-1","max-image-preview":"max-image-preview:large","max-video-preview":"max-video-preview:-1"},"canonical":"https:\/\/fineart.dimanoinmano.it\/magazine\/il-salone-internazionale-del-mobile-e-il-fuori-salone\/","og_locale":"it_IT","og_type":"article","og_title":"Il Salone Internazionale del Mobile e il Fuori Salone - FineArt Magazine","og_description":"Il 14 marzo si \u00e8 conclusa la 37\u00b0 edizione di TEFAF, fiera internazionale di alto antiquariato da anni leader nel settore.","og_url":"https:\/\/fineart.dimanoinmano.it\/magazine\/il-salone-internazionale-del-mobile-e-il-fuori-salone\/","og_site_name":"FineArt Magazine","article_published_time":"2024-04-08T08:03:01+00:00","article_modified_time":"2024-04-08T08:03:02+00:00","og_image":[{"width":800,"height":600,"url":"https:\/\/fineart.dimanoinmano.it\/magazine\/wp-content\/uploads\/2024\/04\/800px-__12_Milan_Design_Week_Fuorisalone_Brera_district_09.jpg","type":"image\/jpeg"}],"author":"FineArt","twitter_card":"summary_large_image","twitter_misc":{"Scritto da":"FineArt","Tempo di lettura stimato":"5 minuti"},"schema":{"@context":"https:\/\/schema.org","@graph":[{"@type":"Article","@id":"https:\/\/fineart.dimanoinmano.it\/magazine\/il-salone-internazionale-del-mobile-e-il-fuori-salone\/#article","isPartOf":{"@id":"https:\/\/fineart.dimanoinmano.it\/magazine\/il-salone-internazionale-del-mobile-e-il-fuori-salone\/"},"author":{"name":"FineArt","@id":"https:\/\/fineart.dimanoinmano.it\/magazine\/#\/schema\/person\/1d7dcf6ebd921f9994302c6cf77bc089"},"headline":"Il Salone Internazionale del Mobile e il Fuori Salone","datePublished":"2024-04-08T08:03:01+00:00","dateModified":"2024-04-08T08:03:02+00:00","mainEntityOfPage":{"@id":"https:\/\/fineart.dimanoinmano.it\/magazine\/il-salone-internazionale-del-mobile-e-il-fuori-salone\/"},"wordCount":673,"publisher":{"@id":"https:\/\/fineart.dimanoinmano.it\/magazine\/#organization"},"image":{"@id":"https:\/\/fineart.dimanoinmano.it\/magazine\/il-salone-internazionale-del-mobile-e-il-fuori-salone\/#primaryimage"},"thumbnailUrl":"https:\/\/fineart.dimanoinmano.it\/magazine\/wp-content\/uploads\/2024\/04\/800px-__12_Milan_Design_Week_Fuorisalone_Brera_district_09.jpg","articleSection":["Mostre ed Eventi"],"inLanguage":"it-IT"},{"@type":"WebPage","@id":"https:\/\/fineart.dimanoinmano.it\/magazine\/il-salone-internazionale-del-mobile-e-il-fuori-salone\/","url":"https:\/\/fineart.dimanoinmano.it\/magazine\/il-salone-internazionale-del-mobile-e-il-fuori-salone\/","name":"Il Salone Internazionale del Mobile e il Fuori Salone - FineArt Magazine","isPartOf":{"@id":"https:\/\/fineart.dimanoinmano.it\/magazine\/#website"},"primaryImageOfPage":{"@id":"https:\/\/fineart.dimanoinmano.it\/magazine\/il-salone-internazionale-del-mobile-e-il-fuori-salone\/#primaryimage"},"image":{"@id":"https:\/\/fineart.dimanoinmano.it\/magazine\/il-salone-internazionale-del-mobile-e-il-fuori-salone\/#primaryimage"},"thumbnailUrl":"https:\/\/fineart.dimanoinmano.it\/magazine\/wp-content\/uploads\/2024\/04\/800px-__12_Milan_Design_Week_Fuorisalone_Brera_district_09.jpg","datePublished":"2024-04-08T08:03:01+00:00","dateModified":"2024-04-08T08:03:02+00:00","description":"Il 14 marzo si \u00e8 conclusa la 37\u00b0 edizione di TEFAF, fiera internazionale di alto antiquariato da anni leader nel settore.","breadcrumb":{"@id":"https:\/\/fineart.dimanoinmano.it\/magazine\/il-salone-internazionale-del-mobile-e-il-fuori-salone\/#breadcrumb"},"inLanguage":"it-IT","potentialAction":[{"@type":"ReadAction","target":["https:\/\/fineart.dimanoinmano.it\/magazine\/il-salone-internazionale-del-mobile-e-il-fuori-salone\/"]}]},{"@type":"ImageObject","inLanguage":"it-IT","@id":"https:\/\/fineart.dimanoinmano.it\/magazine\/il-salone-internazionale-del-mobile-e-il-fuori-salone\/#primaryimage","url":"https:\/\/fineart.dimanoinmano.it\/magazine\/wp-content\/uploads\/2024\/04\/800px-__12_Milan_Design_Week_Fuorisalone_Brera_district_09.jpg","contentUrl":"https:\/\/fineart.dimanoinmano.it\/magazine\/wp-content\/uploads\/2024\/04\/800px-__12_Milan_Design_Week_Fuorisalone_Brera_district_09.jpg","width":800,"height":600,"caption":"Milano Design Week, Fuori salone 2012"},{"@type":"BreadcrumbList","@id":"https:\/\/fineart.dimanoinmano.it\/magazine\/il-salone-internazionale-del-mobile-e-il-fuori-salone\/#breadcrumb","itemListElement":[{"@type":"ListItem","position":1,"name":"Home","item":"https:\/\/fineart.dimanoinmano.it\/magazine\/"},{"@type":"ListItem","position":2,"name":"Il Salone Internazionale del Mobile e il Fuori Salone"}]},{"@type":"WebSite","@id":"https:\/\/fineart.dimanoinmano.it\/magazine\/#website","url":"https:\/\/fineart.dimanoinmano.it\/magazine\/","name":"FineArt Magazine","description":"","publisher":{"@id":"https:\/\/fineart.dimanoinmano.it\/magazine\/#organization"},"potentialAction":[{"@type":"SearchAction","target":{"@type":"EntryPoint","urlTemplate":"https:\/\/fineart.dimanoinmano.it\/magazine\/?s={search_term_string}"},"query-input":"required name=search_term_string"}],"inLanguage":"it-IT"},{"@type":"Organization","@id":"https:\/\/fineart.dimanoinmano.it\/magazine\/#organization","name":"FineArt Magazine","url":"https:\/\/fineart.dimanoinmano.it\/magazine\/","logo":{"@type":"ImageObject","inLanguage":"it-IT","@id":"https:\/\/fineart.dimanoinmano.it\/magazine\/#\/schema\/logo\/image\/","url":"https:\/\/fineart.dimanoinmano.it\/magazine\/wp-content\/uploads\/2023\/03\/logo_fineart.png","contentUrl":"https:\/\/fineart.dimanoinmano.it\/magazine\/wp-content\/uploads\/2023\/03\/logo_fineart.png","width":892,"height":115,"caption":"FineArt Magazine"},"image":{"@id":"https:\/\/fineart.dimanoinmano.it\/magazine\/#\/schema\/logo\/image\/"}},{"@type":"Person","@id":"https:\/\/fineart.dimanoinmano.it\/magazine\/#\/schema\/person\/1d7dcf6ebd921f9994302c6cf77bc089","name":"FineArt","image":{"@type":"ImageObject","inLanguage":"it-IT","@id":"https:\/\/fineart.dimanoinmano.it\/magazine\/#\/schema\/person\/image\/","url":"https:\/\/secure.gravatar.com\/avatar\/99156fafcef61e51efc39bfd57ce0995a619a700c1761355b53b71090b5b665b?s=96&d=https%3A%2F%2Ffineart.dimanoinmano.it%2Fmagazine%2Fwp-content%2Fuploads%2F2023%2F03%2Fgravatar_fineart.png&r=g","contentUrl":"https:\/\/secure.gravatar.com\/avatar\/99156fafcef61e51efc39bfd57ce0995a619a700c1761355b53b71090b5b665b?s=96&d=https%3A%2F%2Ffineart.dimanoinmano.it%2Fmagazine%2Fwp-content%2Fuploads%2F2023%2F03%2Fgravatar_fineart.png&r=g","caption":"FineArt"},"description":"FineArt \u00e8 il progetto Di Mano in Mano che propone una selezione esclusiva di opere di antiquariato e design, presentandole per la loro singolarit\u00e0 e unicit\u00e0.","sameAs":["https:\/\/fineart.dimanoinmano.it\/magazine"],"url":"https:\/\/fineart.dimanoinmano.it\/magazine\/author\/fineartuk_magazine\/"}]}},"_links":{"self":[{"href":"https:\/\/fineart.dimanoinmano.it\/magazine\/wp-json\/wp\/v2\/posts\/2309","targetHints":{"allow":["GET"]}}],"collection":[{"href":"https:\/\/fineart.dimanoinmano.it\/magazine\/wp-json\/wp\/v2\/posts"}],"about":[{"href":"https:\/\/fineart.dimanoinmano.it\/magazine\/wp-json\/wp\/v2\/types\/post"}],"author":[{"embeddable":true,"href":"https:\/\/fineart.dimanoinmano.it\/magazine\/wp-json\/wp\/v2\/users\/1"}],"replies":[{"embeddable":true,"href":"https:\/\/fineart.dimanoinmano.it\/magazine\/wp-json\/wp\/v2\/comments?post=2309"}],"version-history":[{"count":3,"href":"https:\/\/fineart.dimanoinmano.it\/magazine\/wp-json\/wp\/v2\/posts\/2309\/revisions"}],"predecessor-version":[{"id":2316,"href":"https:\/\/fineart.dimanoinmano.it\/magazine\/wp-json\/wp\/v2\/posts\/2309\/revisions\/2316"}],"wp:featuredmedia":[{"embeddable":true,"href":"https:\/\/fineart.dimanoinmano.it\/magazine\/wp-json\/wp\/v2\/media\/2312"}],"wp:attachment":[{"href":"https:\/\/fineart.dimanoinmano.it\/magazine\/wp-json\/wp\/v2\/media?parent=2309"}],"wp:term":[{"taxonomy":"category","embeddable":true,"href":"https:\/\/fineart.dimanoinmano.it\/magazine\/wp-json\/wp\/v2\/categories?post=2309"},{"taxonomy":"post_tag","embeddable":true,"href":"https:\/\/fineart.dimanoinmano.it\/magazine\/wp-json\/wp\/v2\/tags?post=2309"}],"curies":[{"name":"wp","href":"https:\/\/api.w.org\/{rel}","templated":true}]}}