{"id":2262,"date":"2024-02-19T10:54:26","date_gmt":"2024-02-19T09:54:26","guid":{"rendered":"https:\/\/fineart.dimanoinmano.it\/magazine\/?p=2262"},"modified":"2024-02-19T10:54:26","modified_gmt":"2024-02-19T09:54:26","slug":"la-rappresentazione-dei-mori-nellarte","status":"publish","type":"post","link":"https:\/\/fineart.dimanoinmano.it\/magazine\/la-rappresentazione-dei-mori-nellarte\/","title":{"rendered":"La rappresentazione dei mori nell&#8217;arte"},"content":{"rendered":"\n<div class=\"wp-block-columns is-layout-flex wp-container-core-columns-is-layout-9d6595d7 wp-block-columns-is-layout-flex\">\n<div class=\"wp-block-column is-layout-flow wp-block-column-is-layout-flow\">\n<p>La raffigurazione dei mori nell&#8217;arte \u00e8 una tematica tanto ampia quanto di difficile approccio, non solamente per la vastit\u00e0 del fenomeno sia dal punto di vista geografico che temporale, ma anche per la delicatezza dell&#8217;argomento. In questa sede non ci si soffermer\u00e0 a parlare delle figure dei Magi e in particolare di Baldassarre, quanto piuttosto della rappresentazione profana e aprendo dunque a un altro tipo di argomentazione.<\/p>\n\n\n\n<p>Diffusasi sia in pittura che in scultura e nelle arti decorative, per la realizzazione di arredi e complementi, soprattutto in quest&#8217;ultimo campo la raffigurazione di mori \u00e8 stata per lungo tempo immancabilmente rimandata ad artisti e manifatture veneziane.<\/p>\n<\/div>\n\n\n\n<div class=\"wp-block-column is-layout-flow wp-block-column-is-layout-flow\">\n<p>Nella citt\u00e0 lagunare e nelle aree limitrofe, infatti, queste rappresentazioni erano molto radicate nell&#8217;immaginario artistico: uno degli esempi pi\u00f9 noti si pu\u00f2 registrare gi\u00e0 sul finire del XV secolo, nel telero licenziato da <strong>Vittore Carpaccio<\/strong> e raffigurante il <em>Miracolo della Croce<\/em>. Qui la figura del moro \u00e8 relegata a una condizione servile, come gondoliere di un nobile signorotto, con una modalit\u00e0 che trover\u00e0 esiti ancora ben pi\u00f9 crudi nei secoli successivi.<\/p>\n\n\n\n<p>In realt\u00e0, ancora prima, <strong>Andrea Mantegna<\/strong> nella Camera degli Sposi aveva dipinto una serie di figure che si affacciano dall&#8217;oculo e tra queste appare un volto di mora con turbante, anche in quest&#8217;occorrenza relegata al ruolo di domestica della nobildonna accanto alla quale \u00e8 ritratta.<\/p>\n<\/div>\n<\/div>\n\n\n<div class=\"wp-block-image\">\n<figure class=\"aligncenter size-full\"><img loading=\"lazy\" decoding=\"async\" width=\"800\" height=\"533\" src=\"https:\/\/fineart.dimanoinmano.it\/magazine\/wp-content\/uploads\/2024\/02\/Miracolo_della_reliquia_della_Croce_al_ponte_di_Rialto_di_Vittore_Carpaccio_dettaglio_5.jpg\" alt=\"Vittore Carpaccio, Miracolo della Croce\" class=\"wp-image-2265\" srcset=\"https:\/\/fineart.dimanoinmano.it\/magazine\/wp-content\/uploads\/2024\/02\/Miracolo_della_reliquia_della_Croce_al_ponte_di_Rialto_di_Vittore_Carpaccio_dettaglio_5.jpg 800w, https:\/\/fineart.dimanoinmano.it\/magazine\/wp-content\/uploads\/2024\/02\/Miracolo_della_reliquia_della_Croce_al_ponte_di_Rialto_di_Vittore_Carpaccio_dettaglio_5-300x200.jpg 300w, https:\/\/fineart.dimanoinmano.it\/magazine\/wp-content\/uploads\/2024\/02\/Miracolo_della_reliquia_della_Croce_al_ponte_di_Rialto_di_Vittore_Carpaccio_dettaglio_5-768x512.jpg 768w\" sizes=\"auto, (max-width: 800px) 100vw, 800px\" \/><figcaption class=\"wp-element-caption\">Vittore Carpaccio, <em>Miracolo della Croce a Rialto<\/em> (particolare), 1494, Gallerie dell&#8217;Accademia di Venezia<\/figcaption><\/figure>\n<\/div>\n\n\n<div class=\"wp-block-columns is-layout-flex wp-container-core-columns-is-layout-9d6595d7 wp-block-columns-is-layout-flex\">\n<div class=\"wp-block-column is-layout-flow wp-block-column-is-layout-flow\">\n<p>Questo tipo rappresentativo registr\u00f2 un particolare successo a cavallo tra il Sei e il Settecento e l&#8217;epicentro fu senza alcun dubbio Roma, patria del <strong>Barocco<\/strong> con la figura di <strong>Gian Lorenzo Bernini<\/strong> e la sua ricerca di teatralit\u00e0. L&#8217;artista riferimento della corte papale e delle pi\u00f9 importanti personalit\u00e0 nobili e borghesi della citt\u00e0 capitolina era a capo di una ben organizzata bottega ed ebbe infatti numerosi allievi e seguaci, i quali aderirono a questo stile dalla resa fortemente scenografica, seguendo le ideazioni del maestro.<\/p>\n\n\n\n<p>Per il nostro discorso, una particolare menzione merita una categoria di arredi quali i tavoli parietali: la parte strutturale era infatti riccamente intagliata e se inizialmente questa era costituita da poderose volute fogliacee e caratteristici motivi a ricciolo, sul finire del secolo iniziarono a comparire figure umane o di satiri, sovente di mano di un vero e proprio scultore.<\/p>\n\n\n\n<p>Tra i personaggi che spesso fungono da reggipiano, rappresentati in posizioni accartocciate e di estremo sforzo a sostenere il lastrone di marmo (o la struttura sovrastante nel caso di altre tipologie di mobili) vi sono figure di mori o indiani.<\/p>\n<\/div>\n\n\n\n<div class=\"wp-block-column is-layout-flow wp-block-column-is-layout-flow\">\n<p> Forse proprio a partire da questo momento, ancora di pi\u00f9 che in passato, questa scelta divenne espressione di un chiaro intento politico.<\/p>\n\n\n\n<p>Calzanti sono i confronti con le consolle che si trovano nella <strong>Galleria di Palazzo Colonna<\/strong>, studiati da Roberto Valeriani, due dei quali nella Sala dei Paesaggi, caratterizzati da coppie di schiavi accosciati, di mano di <strong>Isidoro Beati<\/strong>, mentre i restanti sei (quattro nella Sala Grande e due nella Sala della Colonna Bellica), anch&#8217;essi con figure di mori, sono documentati come opera dello scultore <strong>Giovanni Battista Antonini<\/strong> e del suo atelier al principio del XVIII secolo. In questo caso il termine &#8220;moro&#8221; potrebbe essere impropriamente inteso e il suo significato significare pi\u00f9 in generale quello di straniero. Pi\u00f9 correttamente in questo caso si tratta infatti di turchi, intagliati a tutto tondo nel legno e dorati, allusivi alla vittoria delle truppe cristiane su quelle ottomane nella battaglia di Lepanto del 1571, nel contesto della guerra di Cipro.<\/p>\n<\/div>\n<\/div>\n\n\n<div class=\"wp-block-image\">\n<figure class=\"aligncenter size-full\"><img loading=\"lazy\" decoding=\"async\" width=\"800\" height=\"559\" src=\"https:\/\/fineart.dimanoinmano.it\/magazine\/wp-content\/uploads\/2024\/02\/Consolle_intagliate_con_turchi_prigionieri_su_disegno_di_filippo_Schor_05.jpg\" alt=\"Cosolle, Galleria Palazzo Colonna\" class=\"wp-image-2266\" srcset=\"https:\/\/fineart.dimanoinmano.it\/magazine\/wp-content\/uploads\/2024\/02\/Consolle_intagliate_con_turchi_prigionieri_su_disegno_di_filippo_Schor_05.jpg 800w, https:\/\/fineart.dimanoinmano.it\/magazine\/wp-content\/uploads\/2024\/02\/Consolle_intagliate_con_turchi_prigionieri_su_disegno_di_filippo_Schor_05-300x210.jpg 300w, https:\/\/fineart.dimanoinmano.it\/magazine\/wp-content\/uploads\/2024\/02\/Consolle_intagliate_con_turchi_prigionieri_su_disegno_di_filippo_Schor_05-768x537.jpg 768w\" sizes=\"auto, (max-width: 800px) 100vw, 800px\" \/><figcaption class=\"wp-element-caption\">Giovanni Battista Antonini e bottega, <em>Consolle con turchi<\/em>, inizio XVIII sec., Galleria di Palazzo Colonna, Roma<\/figcaption><\/figure>\n<\/div>\n\n\n<div class=\"wp-block-columns is-layout-flex wp-container-core-columns-is-layout-9d6595d7 wp-block-columns-is-layout-flex\">\n<div class=\"wp-block-column is-layout-flow wp-block-column-is-layout-flow\">\n<p>Ecco dunque come diventi palese che la rappresentazione di mori in atteggiamento di sottomissione sia legata alla volont\u00e0 di celebrare la supremazia dei conquistatori europei. Da qui la tradizione si diffuse non solo negli stati pontifici, ma anche nelle principali corti europee: non \u00e8 insolito ritrovare mori, arabi o indiani raffigurati come prigionieri, spesso incatenati e in posizione di schiavit\u00f9.<\/p>\n\n\n\n<p>Gli studi pi\u00f9 recenti dimostrano infatti come questa particolare tipologia di sculture a foggia di mori, usati come complementi d&#8217;arredo a sorreggere vasi oppure lumi, fosse alquanto diffusa nel vecchio continente, certamente sintomo di una tradizione fin troppo ben radicata.<\/p>\n<\/div>\n\n\n\n<div class=\"wp-block-column is-layout-flow wp-block-column-is-layout-flow\">\n<p>Di recente scoperta \u00e8 infatti una coppia di torch\u00e8res intagliate a foggia di mori reggi-tamburello, conservati presso Ham House a Richmond e qui attestati almeno dal 1677 e per i quali non si esclude possano appartenere a una produzione inglese (<a href=\"https:\/\/www.britishartstudies.ac.uk\/issues\/issue-index\/issue-21\/representation-of-african-people-in-early-modern-british-interiors-and-gardens\">qui per l&#8217;articolo<\/a>).<\/p>\n\n\n\n<p>Inoltre sono ormai noti un disegno per un gueridon dell&#8217;incisore Jean Le Pautre dove il sostegno \u00e8 costituito da una figura di schiavo, cos\u00ec come uno stipo del Rijksmuseum di Amsterdam dimostra che l\u2019uso di mori nella produzione olandese era gi\u00e0 affermata nel XVII secolo.<\/p>\n<\/div>\n<\/div>\n\n\n<div class=\"wp-block-image\">\n<figure class=\"aligncenter size-full\"><img loading=\"lazy\" decoding=\"async\" width=\"347\" height=\"598\" src=\"https:\/\/fineart.dimanoinmano.it\/magazine\/wp-content\/uploads\/2024\/02\/347px-Andrea_brustolon_sedie_con_etiopi_1700-15_ca._12.jpg\" alt=\"Andrea Brustolon, Fornimento Venier\" class=\"wp-image-2267\" srcset=\"https:\/\/fineart.dimanoinmano.it\/magazine\/wp-content\/uploads\/2024\/02\/347px-Andrea_brustolon_sedie_con_etiopi_1700-15_ca._12.jpg 347w, https:\/\/fineart.dimanoinmano.it\/magazine\/wp-content\/uploads\/2024\/02\/347px-Andrea_brustolon_sedie_con_etiopi_1700-15_ca._12-174x300.jpg 174w\" sizes=\"auto, (max-width: 347px) 100vw, 347px\" \/><figcaption class=\"wp-element-caption\">Andrea Brustolon, <em>Poltrona del Fornimento Venier<\/em> (particolare), Inizio del XVIII secolo, Ca&#8217; Rezzonico, Venezia<\/figcaption><\/figure>\n<\/div>\n\n\n<div class=\"wp-block-columns is-layout-flex wp-container-core-columns-is-layout-9d6595d7 wp-block-columns-is-layout-flex\">\n<div class=\"wp-block-column is-layout-flow wp-block-column-is-layout-flow\">\n<p>Tornando alla nostra penisola, commissioni di questa sorta sono riscontrabili anche in ambito mediceo, tra i quali \u00e8 doveroso ricordare gli esemplari realizzati per il \u201cgran principe\u201d Ferdinando nel 1683 da <strong>Balthasar Permoser<\/strong>, e ancora quelli citati negli inventari di Palazzo Pitti gi\u00e0 nel 1637, una coppia a uso di &#8220;sgabelloni da lume&#8221;.<\/p>\n\n\n\n<p>Come gi\u00e0 si accennava all&#8217;inizio di questo contributo, la raffigurazione di mori nei complementi d&#8217;arredo \u00e8 per\u00f2 imprescindibilmente legata a Venezia, certamente merito del &#8220;Michelangelo del legno&#8221; <strong>Andrea Brustolon<\/strong>.<\/p>\n<\/div>\n\n\n\n<div class=\"wp-block-column is-layout-flow wp-block-column-is-layout-flow\">\n<p>Allievo di <strong>Filippo Parodi<\/strong> durante il suo soggiorno lagunare, certamente formativo per Brustolon fu il viaggio a Roma, tanto che una volta rientrato in patria si specializz\u00f2 nell&#8217;arte dell&#8217;ebanisteria, mostrando chiaramente l&#8217;influenza capitolina nell&#8217;usare personaggi intagliati a tutto tondo come sostegni per arredi. Celebre esempio sono le opere conservate presso il Museo di Ca&#8217; Rezzonico, come le poltrone del <strong>Fornimento Venier<\/strong>, dove dei mori fungono da struttura portante delle gambe e dei braccioli, oppure il portavasi con moretto nudo e incatenato.<\/p>\n<\/div>\n<\/div>\n\n\n<div class=\"wp-block-image\">\n<figure class=\"aligncenter size-full\"><img loading=\"lazy\" decoding=\"async\" width=\"203\" height=\"600\" src=\"https:\/\/fineart.dimanoinmano.it\/magazine\/wp-content\/uploads\/2024\/02\/203px-Andrea_brustolon_serie_dei_portavasi_con_figure_etiopi_1700-10_ca._01.jpg\" alt=\"Andrea Brustolon, Fornimento Venier\" class=\"wp-image-2268\" srcset=\"https:\/\/fineart.dimanoinmano.it\/magazine\/wp-content\/uploads\/2024\/02\/203px-Andrea_brustolon_serie_dei_portavasi_con_figure_etiopi_1700-10_ca._01.jpg 203w, https:\/\/fineart.dimanoinmano.it\/magazine\/wp-content\/uploads\/2024\/02\/203px-Andrea_brustolon_serie_dei_portavasi_con_figure_etiopi_1700-10_ca._01-102x300.jpg 102w\" sizes=\"auto, (max-width: 203px) 100vw, 203px\" \/><figcaption class=\"wp-element-caption\">Andrea Brustolon, <em>Reggivaso del Fornimento Venier<\/em>, Inizio del XVIII secolo, Ca&#8217; Rezzonico, Venezia<\/figcaption><\/figure>\n<\/div>\n\n\n<div class=\"wp-block-columns is-layout-flex wp-container-core-columns-is-layout-9d6595d7 wp-block-columns-is-layout-flex\">\n<div class=\"wp-block-column is-layout-flow wp-block-column-is-layout-flow\">\n<p>A questo punto occorre, per\u00f2, una precisazione. Precedentemente si \u00e8 sottolineato come la rappresentazione di mori o indiani volesse sottolineare il predominio della cultura e della societ\u00e0 occidentale. Se certamente questa era una delle motivazioni principali, non bisogna per\u00f2 dimenticare dei rapporti commerciali che Venezia intratteneva storicamente da centinaia di anni con gli altri continenti. La rappresentazione di queste figure divenne dunque anche pretesto per narrare quell&#8217;esotismo, dato dalla ricchezza delle stoffe, dai gioielli piumati, che tanto affascinavano e incontravano il gusto dell&#8217;epoca.<\/p>\n\n\n\n<p>Assai radicata nella cultura figurativa lagunare, questa moda prosegu\u00ec anche nel corso dell&#8217;Ottocento; un particolare apprezzamento \u00e8 ravvisabile nella seconda met\u00e0 del secolo, nel contesto dei revival delle correnti stilistiche del passato.<\/p>\n<\/div>\n\n\n\n<div class=\"wp-block-column is-layout-flow wp-block-column-is-layout-flow\">\n<p>Pertinente con quello che fu definito come <strong>Neobarocco<\/strong>, la realizzazione di questa tipologia di complementi d&#8217;arredo sub\u00ec un ulteriore incremento, spesso caratterizzati da una scelta di gusto espressione dell&#8217;eclettismo, dettato dalle eterogenee influenze figurative che si registrarono sul finire del XIX secolo.<\/p>\n\n\n\n<p>Sono infatti documentate diverse realt\u00e0 veneziane specializzate nell&#8217;intaglio ligneo di gusto neobarocco: la <strong>ditta Sarfatti<\/strong> (noto \u00e8 il catalogo di vendita per corrispondenza pubblicato nel 1887), ma anche le botteghe di <strong>Valentino Besarel<\/strong> (1829-1902), <strong>Vincenzo Cadorin<\/strong> (1854-1925), <strong>Marco del Tedesco<\/strong> (attivo nel 1887) e <strong>Francesco Taso<\/strong> (attivo nel 1878).<\/p>\n<\/div>\n<\/div>\n\n\n\n<figure class=\"wp-block-gallery has-nested-images columns-default is-cropped wp-block-gallery-1 is-layout-flex wp-block-gallery-is-layout-flex\">\n<figure class=\"wp-block-image size-full\"><img loading=\"lazy\" decoding=\"async\" width=\"1536\" height=\"1536\" data-id=\"2269\" src=\"https:\/\/fineart.dimanoinmano.it\/magazine\/wp-content\/uploads\/2024\/02\/ARTART0000150_1.jpg\" alt=\"Moro reggivaso, Venezia\" class=\"wp-image-2269\" srcset=\"https:\/\/fineart.dimanoinmano.it\/magazine\/wp-content\/uploads\/2024\/02\/ARTART0000150_1.jpg 1536w, https:\/\/fineart.dimanoinmano.it\/magazine\/wp-content\/uploads\/2024\/02\/ARTART0000150_1-300x300.jpg 300w, https:\/\/fineart.dimanoinmano.it\/magazine\/wp-content\/uploads\/2024\/02\/ARTART0000150_1-1024x1024.jpg 1024w, https:\/\/fineart.dimanoinmano.it\/magazine\/wp-content\/uploads\/2024\/02\/ARTART0000150_1-150x150.jpg 150w, https:\/\/fineart.dimanoinmano.it\/magazine\/wp-content\/uploads\/2024\/02\/ARTART0000150_1-768x768.jpg 768w, https:\/\/fineart.dimanoinmano.it\/magazine\/wp-content\/uploads\/2024\/02\/ARTART0000150_1-60x60.jpg 60w\" sizes=\"auto, (max-width: 1536px) 100vw, 1536px\" \/><\/figure>\n<\/figure>\n\n\n\n<p class=\"has-text-align-center\">Manifattura veneziana, <em>Moro reggivaso<\/em>, fine XVII secolo, collezione privata.<\/p>\n\n\n\n<div class=\"wp-block-columns is-layout-flex wp-container-core-columns-is-layout-9d6595d7 wp-block-columns-is-layout-flex\">\n<div class=\"wp-block-column is-layout-flow wp-block-column-is-layout-flow\">\n<p>A conclusione, teniamo a presentare una breve e personale considerazione. Negli ultimi anni queste tipologie rappresentative sono state analizzate soprattutto in virt\u00f9 del forte messaggio razziale delle quali sono portatrici, declassandole quali espressione di un atteggiamento deplorevole nei confronti di determinate etnie.<\/p>\n\n\n\n<p>Come gi\u00e0 suggerisce la storica dell&#8217;arte Hannah Lee nel saggio sopracitato, \u00e8 normale e doveroso che ci si ponga dei quesiti su queste rappresentazioni, domandandosi come possano essere interpretati dal pubblico contemporaneo.<\/p>\n<\/div>\n\n\n\n<div class=\"wp-block-column is-layout-flow wp-block-column-is-layout-flow\">\n<p>A nostro avviso, la chiave di lettura dovrebbe essere quella di intenderle come descrizioni della cultura di un determinato periodo storico, espressioni di una specifica societ\u00e0 caratterizzata da dinamiche e modalit\u00e0 che certamente sono moralmente da condannare. Il rifiuto e la negazione di questi eventi, nascondendo questa particolare categoria di prodotti artistici sarebbe per\u00f2 a nostro avviso controproducente. Come la storia insegna, celare alcune rappresentazioni e, ancora peggio distruggerle, non porta a una vera e matura riflessione sulle stesse.<\/p>\n\n\n\n<p>Del resto, l&#8217;iconoclastia non ha mai portato a nulla di buono.<\/p>\n<\/div>\n<\/div>\n\n\n\n<div class=\"wp-block-media-text alignwide is-stacked-on-mobile\"><figure class=\"wp-block-media-text__media\"><img loading=\"lazy\" decoding=\"async\" width=\"1024\" height=\"1024\" src=\"https:\/\/fineart.dimanoinmano.it\/magazine\/wp-content\/uploads\/2024\/02\/ARARAR0222910_1-1024x1024.jpg\" alt=\"\" class=\"wp-image-2264 size-full\" srcset=\"https:\/\/fineart.dimanoinmano.it\/magazine\/wp-content\/uploads\/2024\/02\/ARARAR0222910_1-1024x1024.jpg 1024w, https:\/\/fineart.dimanoinmano.it\/magazine\/wp-content\/uploads\/2024\/02\/ARARAR0222910_1-300x300.jpg 300w, https:\/\/fineart.dimanoinmano.it\/magazine\/wp-content\/uploads\/2024\/02\/ARARAR0222910_1-150x150.jpg 150w, https:\/\/fineart.dimanoinmano.it\/magazine\/wp-content\/uploads\/2024\/02\/ARARAR0222910_1-768x768.jpg 768w, https:\/\/fineart.dimanoinmano.it\/magazine\/wp-content\/uploads\/2024\/02\/ARARAR0222910_1-60x60.jpg 60w, https:\/\/fineart.dimanoinmano.it\/magazine\/wp-content\/uploads\/2024\/02\/ARARAR0222910_1.jpg 1536w\" sizes=\"auto, (max-width: 1024px) 100vw, 1024px\" \/><\/figure><div class=\"wp-block-media-text__content\">\n<h3 class=\"wp-block-heading\"><a href=\"https:\/\/fineart.dimanoinmano.it\/coppia-di-mori-venezia-seconda-meta-del-xix-secolo\/\">Coppia di mori. Venezia, Seconda met\u00e0 del XIX secolo<\/a><\/h3>\n<\/div><\/div>\n","protected":false},"excerpt":{"rendered":"<p>La raffigurazione dei mori nell&#8217;arte \u00e8 una tematica tanto ampia quanto di difficile approccio, non solamente per la vastit\u00e0 del fenomeno sia dal punto di vista geografico che temporale, ma anche per la delicatezza dell&#8217;argomento. In questa sede non ci si soffermer\u00e0 a parlare delle figure dei Magi e in particolare di Baldassarre, quanto piuttosto [&hellip;]<\/p>\n","protected":false},"author":1,"featured_media":2271,"comment_status":"closed","ping_status":"closed","sticky":false,"template":"","format":"standard","meta":{"_acf_changed":false,"footnotes":""},"categories":[2],"tags":[],"class_list":["post-2262","post","type-post","status-publish","format-standard","has-post-thumbnail","hentry","category-epoche"],"acf":[],"yoast_head":"<!-- This site is optimized with the Yoast SEO plugin v23.1 - https:\/\/yoast.com\/wordpress\/plugins\/seo\/ -->\n<title>La rappresentazione dei mori nell&#039;arte - FineArt Magazine<\/title>\n<meta name=\"description\" content=\"Diffusasi fin dal XV secolo, la rappresentazione dei mori divenne una scelta politica e di gusto, espressione della societ\u00e0 dell&#039;epoca.\" \/>\n<meta name=\"robots\" content=\"index, follow, max-snippet:-1, max-image-preview:large, max-video-preview:-1\" \/>\n<link rel=\"canonical\" href=\"https:\/\/fineart.dimanoinmano.it\/magazine\/la-rappresentazione-dei-mori-nellarte\/\" \/>\n<meta property=\"og:locale\" content=\"it_IT\" \/>\n<meta property=\"og:type\" content=\"article\" \/>\n<meta property=\"og:title\" content=\"La rappresentazione dei mori nell&#039;arte - FineArt Magazine\" \/>\n<meta property=\"og:description\" content=\"Diffusasi fin dal XV secolo, la rappresentazione dei mori divenne una scelta politica e di gusto, espressione della societ\u00e0 dell&#039;epoca.\" \/>\n<meta property=\"og:url\" content=\"https:\/\/fineart.dimanoinmano.it\/magazine\/la-rappresentazione-dei-mori-nellarte\/\" \/>\n<meta property=\"og:site_name\" content=\"FineArt Magazine\" \/>\n<meta property=\"article:published_time\" content=\"2024-02-19T09:54:26+00:00\" \/>\n<meta property=\"og:image\" content=\"https:\/\/fineart.dimanoinmano.it\/magazine\/wp-content\/uploads\/2024\/02\/Consolle_intagliate_con_turchi_prigionieri_su_disegno_di_filippo_Schor_10-scaled.jpg\" \/>\n\t<meta property=\"og:image:width\" content=\"2483\" \/>\n\t<meta property=\"og:image:height\" content=\"2560\" \/>\n\t<meta property=\"og:image:type\" content=\"image\/jpeg\" \/>\n<meta name=\"author\" content=\"FineArt\" \/>\n<meta name=\"twitter:card\" content=\"summary_large_image\" \/>\n<meta name=\"twitter:label1\" content=\"Scritto da\" \/>\n\t<meta name=\"twitter:data1\" content=\"FineArt\" \/>\n\t<meta name=\"twitter:label2\" content=\"Tempo di lettura stimato\" \/>\n\t<meta name=\"twitter:data2\" content=\"9 minuti\" \/>\n<script type=\"application\/ld+json\" class=\"yoast-schema-graph\">{\"@context\":\"https:\/\/schema.org\",\"@graph\":[{\"@type\":\"Article\",\"@id\":\"https:\/\/fineart.dimanoinmano.it\/magazine\/la-rappresentazione-dei-mori-nellarte\/#article\",\"isPartOf\":{\"@id\":\"https:\/\/fineart.dimanoinmano.it\/magazine\/la-rappresentazione-dei-mori-nellarte\/\"},\"author\":{\"name\":\"FineArt\",\"@id\":\"https:\/\/fineart.dimanoinmano.it\/magazine\/#\/schema\/person\/1d7dcf6ebd921f9994302c6cf77bc089\"},\"headline\":\"La rappresentazione dei mori nell&#8217;arte\",\"datePublished\":\"2024-02-19T09:54:26+00:00\",\"dateModified\":\"2024-02-19T09:54:26+00:00\",\"mainEntityOfPage\":{\"@id\":\"https:\/\/fineart.dimanoinmano.it\/magazine\/la-rappresentazione-dei-mori-nellarte\/\"},\"wordCount\":1370,\"publisher\":{\"@id\":\"https:\/\/fineart.dimanoinmano.it\/magazine\/#organization\"},\"image\":{\"@id\":\"https:\/\/fineart.dimanoinmano.it\/magazine\/la-rappresentazione-dei-mori-nellarte\/#primaryimage\"},\"thumbnailUrl\":\"https:\/\/fineart.dimanoinmano.it\/magazine\/wp-content\/uploads\/2024\/02\/Consolle_intagliate_con_turchi_prigionieri_su_disegno_di_filippo_Schor_10-scaled.jpg\",\"articleSection\":[\"Epoche\"],\"inLanguage\":\"it-IT\"},{\"@type\":\"WebPage\",\"@id\":\"https:\/\/fineart.dimanoinmano.it\/magazine\/la-rappresentazione-dei-mori-nellarte\/\",\"url\":\"https:\/\/fineart.dimanoinmano.it\/magazine\/la-rappresentazione-dei-mori-nellarte\/\",\"name\":\"La rappresentazione dei mori nell'arte - FineArt Magazine\",\"isPartOf\":{\"@id\":\"https:\/\/fineart.dimanoinmano.it\/magazine\/#website\"},\"primaryImageOfPage\":{\"@id\":\"https:\/\/fineart.dimanoinmano.it\/magazine\/la-rappresentazione-dei-mori-nellarte\/#primaryimage\"},\"image\":{\"@id\":\"https:\/\/fineart.dimanoinmano.it\/magazine\/la-rappresentazione-dei-mori-nellarte\/#primaryimage\"},\"thumbnailUrl\":\"https:\/\/fineart.dimanoinmano.it\/magazine\/wp-content\/uploads\/2024\/02\/Consolle_intagliate_con_turchi_prigionieri_su_disegno_di_filippo_Schor_10-scaled.jpg\",\"datePublished\":\"2024-02-19T09:54:26+00:00\",\"dateModified\":\"2024-02-19T09:54:26+00:00\",\"description\":\"Diffusasi fin dal XV secolo, la rappresentazione dei mori divenne una scelta politica e di gusto, espressione della societ\u00e0 dell'epoca.\",\"breadcrumb\":{\"@id\":\"https:\/\/fineart.dimanoinmano.it\/magazine\/la-rappresentazione-dei-mori-nellarte\/#breadcrumb\"},\"inLanguage\":\"it-IT\",\"potentialAction\":[{\"@type\":\"ReadAction\",\"target\":[\"https:\/\/fineart.dimanoinmano.it\/magazine\/la-rappresentazione-dei-mori-nellarte\/\"]}]},{\"@type\":\"ImageObject\",\"inLanguage\":\"it-IT\",\"@id\":\"https:\/\/fineart.dimanoinmano.it\/magazine\/la-rappresentazione-dei-mori-nellarte\/#primaryimage\",\"url\":\"https:\/\/fineart.dimanoinmano.it\/magazine\/wp-content\/uploads\/2024\/02\/Consolle_intagliate_con_turchi_prigionieri_su_disegno_di_filippo_Schor_10-scaled.jpg\",\"contentUrl\":\"https:\/\/fineart.dimanoinmano.it\/magazine\/wp-content\/uploads\/2024\/02\/Consolle_intagliate_con_turchi_prigionieri_su_disegno_di_filippo_Schor_10-scaled.jpg\",\"width\":2483,\"height\":2560},{\"@type\":\"BreadcrumbList\",\"@id\":\"https:\/\/fineart.dimanoinmano.it\/magazine\/la-rappresentazione-dei-mori-nellarte\/#breadcrumb\",\"itemListElement\":[{\"@type\":\"ListItem\",\"position\":1,\"name\":\"Home\",\"item\":\"https:\/\/fineart.dimanoinmano.it\/magazine\/\"},{\"@type\":\"ListItem\",\"position\":2,\"name\":\"La rappresentazione dei mori nell&#8217;arte\"}]},{\"@type\":\"WebSite\",\"@id\":\"https:\/\/fineart.dimanoinmano.it\/magazine\/#website\",\"url\":\"https:\/\/fineart.dimanoinmano.it\/magazine\/\",\"name\":\"FineArt Magazine\",\"description\":\"\",\"publisher\":{\"@id\":\"https:\/\/fineart.dimanoinmano.it\/magazine\/#organization\"},\"potentialAction\":[{\"@type\":\"SearchAction\",\"target\":{\"@type\":\"EntryPoint\",\"urlTemplate\":\"https:\/\/fineart.dimanoinmano.it\/magazine\/?s={search_term_string}\"},\"query-input\":\"required name=search_term_string\"}],\"inLanguage\":\"it-IT\"},{\"@type\":\"Organization\",\"@id\":\"https:\/\/fineart.dimanoinmano.it\/magazine\/#organization\",\"name\":\"FineArt Magazine\",\"url\":\"https:\/\/fineart.dimanoinmano.it\/magazine\/\",\"logo\":{\"@type\":\"ImageObject\",\"inLanguage\":\"it-IT\",\"@id\":\"https:\/\/fineart.dimanoinmano.it\/magazine\/#\/schema\/logo\/image\/\",\"url\":\"https:\/\/fineart.dimanoinmano.it\/magazine\/wp-content\/uploads\/2023\/03\/logo_fineart.png\",\"contentUrl\":\"https:\/\/fineart.dimanoinmano.it\/magazine\/wp-content\/uploads\/2023\/03\/logo_fineart.png\",\"width\":892,\"height\":115,\"caption\":\"FineArt Magazine\"},\"image\":{\"@id\":\"https:\/\/fineart.dimanoinmano.it\/magazine\/#\/schema\/logo\/image\/\"}},{\"@type\":\"Person\",\"@id\":\"https:\/\/fineart.dimanoinmano.it\/magazine\/#\/schema\/person\/1d7dcf6ebd921f9994302c6cf77bc089\",\"name\":\"FineArt\",\"image\":{\"@type\":\"ImageObject\",\"inLanguage\":\"it-IT\",\"@id\":\"https:\/\/fineart.dimanoinmano.it\/magazine\/#\/schema\/person\/image\/\",\"url\":\"https:\/\/secure.gravatar.com\/avatar\/99156fafcef61e51efc39bfd57ce0995a619a700c1761355b53b71090b5b665b?s=96&d=https%3A%2F%2Ffineart.dimanoinmano.it%2Fmagazine%2Fwp-content%2Fuploads%2F2023%2F03%2Fgravatar_fineart.png&r=g\",\"contentUrl\":\"https:\/\/secure.gravatar.com\/avatar\/99156fafcef61e51efc39bfd57ce0995a619a700c1761355b53b71090b5b665b?s=96&d=https%3A%2F%2Ffineart.dimanoinmano.it%2Fmagazine%2Fwp-content%2Fuploads%2F2023%2F03%2Fgravatar_fineart.png&r=g\",\"caption\":\"FineArt\"},\"description\":\"FineArt \u00e8 il progetto Di Mano in Mano che propone una selezione esclusiva di opere di antiquariato e design, presentandole per la loro singolarit\u00e0 e unicit\u00e0.\",\"sameAs\":[\"https:\/\/fineart.dimanoinmano.it\/magazine\"],\"url\":\"https:\/\/fineart.dimanoinmano.it\/magazine\/author\/fineartuk_magazine\/\"}]}<\/script>\n<!-- \/ Yoast SEO plugin. -->","yoast_head_json":{"title":"La rappresentazione dei mori nell'arte - FineArt Magazine","description":"Diffusasi fin dal XV secolo, la rappresentazione dei mori divenne una scelta politica e di gusto, espressione della societ\u00e0 dell'epoca.","robots":{"index":"index","follow":"follow","max-snippet":"max-snippet:-1","max-image-preview":"max-image-preview:large","max-video-preview":"max-video-preview:-1"},"canonical":"https:\/\/fineart.dimanoinmano.it\/magazine\/la-rappresentazione-dei-mori-nellarte\/","og_locale":"it_IT","og_type":"article","og_title":"La rappresentazione dei mori nell'arte - FineArt Magazine","og_description":"Diffusasi fin dal XV secolo, la rappresentazione dei mori divenne una scelta politica e di gusto, espressione della societ\u00e0 dell'epoca.","og_url":"https:\/\/fineart.dimanoinmano.it\/magazine\/la-rappresentazione-dei-mori-nellarte\/","og_site_name":"FineArt Magazine","article_published_time":"2024-02-19T09:54:26+00:00","og_image":[{"width":2483,"height":2560,"url":"https:\/\/fineart.dimanoinmano.it\/magazine\/wp-content\/uploads\/2024\/02\/Consolle_intagliate_con_turchi_prigionieri_su_disegno_di_filippo_Schor_10-scaled.jpg","type":"image\/jpeg"}],"author":"FineArt","twitter_card":"summary_large_image","twitter_misc":{"Scritto da":"FineArt","Tempo di lettura stimato":"9 minuti"},"schema":{"@context":"https:\/\/schema.org","@graph":[{"@type":"Article","@id":"https:\/\/fineart.dimanoinmano.it\/magazine\/la-rappresentazione-dei-mori-nellarte\/#article","isPartOf":{"@id":"https:\/\/fineart.dimanoinmano.it\/magazine\/la-rappresentazione-dei-mori-nellarte\/"},"author":{"name":"FineArt","@id":"https:\/\/fineart.dimanoinmano.it\/magazine\/#\/schema\/person\/1d7dcf6ebd921f9994302c6cf77bc089"},"headline":"La rappresentazione dei mori nell&#8217;arte","datePublished":"2024-02-19T09:54:26+00:00","dateModified":"2024-02-19T09:54:26+00:00","mainEntityOfPage":{"@id":"https:\/\/fineart.dimanoinmano.it\/magazine\/la-rappresentazione-dei-mori-nellarte\/"},"wordCount":1370,"publisher":{"@id":"https:\/\/fineart.dimanoinmano.it\/magazine\/#organization"},"image":{"@id":"https:\/\/fineart.dimanoinmano.it\/magazine\/la-rappresentazione-dei-mori-nellarte\/#primaryimage"},"thumbnailUrl":"https:\/\/fineart.dimanoinmano.it\/magazine\/wp-content\/uploads\/2024\/02\/Consolle_intagliate_con_turchi_prigionieri_su_disegno_di_filippo_Schor_10-scaled.jpg","articleSection":["Epoche"],"inLanguage":"it-IT"},{"@type":"WebPage","@id":"https:\/\/fineart.dimanoinmano.it\/magazine\/la-rappresentazione-dei-mori-nellarte\/","url":"https:\/\/fineart.dimanoinmano.it\/magazine\/la-rappresentazione-dei-mori-nellarte\/","name":"La rappresentazione dei mori nell'arte - FineArt Magazine","isPartOf":{"@id":"https:\/\/fineart.dimanoinmano.it\/magazine\/#website"},"primaryImageOfPage":{"@id":"https:\/\/fineart.dimanoinmano.it\/magazine\/la-rappresentazione-dei-mori-nellarte\/#primaryimage"},"image":{"@id":"https:\/\/fineart.dimanoinmano.it\/magazine\/la-rappresentazione-dei-mori-nellarte\/#primaryimage"},"thumbnailUrl":"https:\/\/fineart.dimanoinmano.it\/magazine\/wp-content\/uploads\/2024\/02\/Consolle_intagliate_con_turchi_prigionieri_su_disegno_di_filippo_Schor_10-scaled.jpg","datePublished":"2024-02-19T09:54:26+00:00","dateModified":"2024-02-19T09:54:26+00:00","description":"Diffusasi fin dal XV secolo, la rappresentazione dei mori divenne una scelta politica e di gusto, espressione della societ\u00e0 dell'epoca.","breadcrumb":{"@id":"https:\/\/fineart.dimanoinmano.it\/magazine\/la-rappresentazione-dei-mori-nellarte\/#breadcrumb"},"inLanguage":"it-IT","potentialAction":[{"@type":"ReadAction","target":["https:\/\/fineart.dimanoinmano.it\/magazine\/la-rappresentazione-dei-mori-nellarte\/"]}]},{"@type":"ImageObject","inLanguage":"it-IT","@id":"https:\/\/fineart.dimanoinmano.it\/magazine\/la-rappresentazione-dei-mori-nellarte\/#primaryimage","url":"https:\/\/fineart.dimanoinmano.it\/magazine\/wp-content\/uploads\/2024\/02\/Consolle_intagliate_con_turchi_prigionieri_su_disegno_di_filippo_Schor_10-scaled.jpg","contentUrl":"https:\/\/fineart.dimanoinmano.it\/magazine\/wp-content\/uploads\/2024\/02\/Consolle_intagliate_con_turchi_prigionieri_su_disegno_di_filippo_Schor_10-scaled.jpg","width":2483,"height":2560},{"@type":"BreadcrumbList","@id":"https:\/\/fineart.dimanoinmano.it\/magazine\/la-rappresentazione-dei-mori-nellarte\/#breadcrumb","itemListElement":[{"@type":"ListItem","position":1,"name":"Home","item":"https:\/\/fineart.dimanoinmano.it\/magazine\/"},{"@type":"ListItem","position":2,"name":"La rappresentazione dei mori nell&#8217;arte"}]},{"@type":"WebSite","@id":"https:\/\/fineart.dimanoinmano.it\/magazine\/#website","url":"https:\/\/fineart.dimanoinmano.it\/magazine\/","name":"FineArt Magazine","description":"","publisher":{"@id":"https:\/\/fineart.dimanoinmano.it\/magazine\/#organization"},"potentialAction":[{"@type":"SearchAction","target":{"@type":"EntryPoint","urlTemplate":"https:\/\/fineart.dimanoinmano.it\/magazine\/?s={search_term_string}"},"query-input":"required name=search_term_string"}],"inLanguage":"it-IT"},{"@type":"Organization","@id":"https:\/\/fineart.dimanoinmano.it\/magazine\/#organization","name":"FineArt Magazine","url":"https:\/\/fineart.dimanoinmano.it\/magazine\/","logo":{"@type":"ImageObject","inLanguage":"it-IT","@id":"https:\/\/fineart.dimanoinmano.it\/magazine\/#\/schema\/logo\/image\/","url":"https:\/\/fineart.dimanoinmano.it\/magazine\/wp-content\/uploads\/2023\/03\/logo_fineart.png","contentUrl":"https:\/\/fineart.dimanoinmano.it\/magazine\/wp-content\/uploads\/2023\/03\/logo_fineart.png","width":892,"height":115,"caption":"FineArt Magazine"},"image":{"@id":"https:\/\/fineart.dimanoinmano.it\/magazine\/#\/schema\/logo\/image\/"}},{"@type":"Person","@id":"https:\/\/fineart.dimanoinmano.it\/magazine\/#\/schema\/person\/1d7dcf6ebd921f9994302c6cf77bc089","name":"FineArt","image":{"@type":"ImageObject","inLanguage":"it-IT","@id":"https:\/\/fineart.dimanoinmano.it\/magazine\/#\/schema\/person\/image\/","url":"https:\/\/secure.gravatar.com\/avatar\/99156fafcef61e51efc39bfd57ce0995a619a700c1761355b53b71090b5b665b?s=96&d=https%3A%2F%2Ffineart.dimanoinmano.it%2Fmagazine%2Fwp-content%2Fuploads%2F2023%2F03%2Fgravatar_fineart.png&r=g","contentUrl":"https:\/\/secure.gravatar.com\/avatar\/99156fafcef61e51efc39bfd57ce0995a619a700c1761355b53b71090b5b665b?s=96&d=https%3A%2F%2Ffineart.dimanoinmano.it%2Fmagazine%2Fwp-content%2Fuploads%2F2023%2F03%2Fgravatar_fineart.png&r=g","caption":"FineArt"},"description":"FineArt \u00e8 il progetto Di Mano in Mano che propone una selezione esclusiva di opere di antiquariato e design, presentandole per la loro singolarit\u00e0 e unicit\u00e0.","sameAs":["https:\/\/fineart.dimanoinmano.it\/magazine"],"url":"https:\/\/fineart.dimanoinmano.it\/magazine\/author\/fineartuk_magazine\/"}]}},"_links":{"self":[{"href":"https:\/\/fineart.dimanoinmano.it\/magazine\/wp-json\/wp\/v2\/posts\/2262","targetHints":{"allow":["GET"]}}],"collection":[{"href":"https:\/\/fineart.dimanoinmano.it\/magazine\/wp-json\/wp\/v2\/posts"}],"about":[{"href":"https:\/\/fineart.dimanoinmano.it\/magazine\/wp-json\/wp\/v2\/types\/post"}],"author":[{"embeddable":true,"href":"https:\/\/fineart.dimanoinmano.it\/magazine\/wp-json\/wp\/v2\/users\/1"}],"replies":[{"embeddable":true,"href":"https:\/\/fineart.dimanoinmano.it\/magazine\/wp-json\/wp\/v2\/comments?post=2262"}],"version-history":[{"count":4,"href":"https:\/\/fineart.dimanoinmano.it\/magazine\/wp-json\/wp\/v2\/posts\/2262\/revisions"}],"predecessor-version":[{"id":2273,"href":"https:\/\/fineart.dimanoinmano.it\/magazine\/wp-json\/wp\/v2\/posts\/2262\/revisions\/2273"}],"wp:featuredmedia":[{"embeddable":true,"href":"https:\/\/fineart.dimanoinmano.it\/magazine\/wp-json\/wp\/v2\/media\/2271"}],"wp:attachment":[{"href":"https:\/\/fineart.dimanoinmano.it\/magazine\/wp-json\/wp\/v2\/media?parent=2262"}],"wp:term":[{"taxonomy":"category","embeddable":true,"href":"https:\/\/fineart.dimanoinmano.it\/magazine\/wp-json\/wp\/v2\/categories?post=2262"},{"taxonomy":"post_tag","embeddable":true,"href":"https:\/\/fineart.dimanoinmano.it\/magazine\/wp-json\/wp\/v2\/tags?post=2262"}],"curies":[{"name":"wp","href":"https:\/\/api.w.org\/{rel}","templated":true}]}}