{"id":2156,"date":"2023-11-21T15:20:54","date_gmt":"2023-11-21T14:20:54","guid":{"rendered":"https:\/\/fineart.dimanoinmano.it\/magazine\/?p=2156"},"modified":"2024-01-15T15:02:43","modified_gmt":"2024-01-15T14:02:43","slug":"gianfranco-frattini-unicona-del-design-italiano","status":"publish","type":"post","link":"https:\/\/fineart.dimanoinmano.it\/magazine\/gianfranco-frattini-unicona-del-design-italiano\/","title":{"rendered":"Gianfranco Frattini, un&#8217;icona del design italiano"},"content":{"rendered":"\n<div class=\"wp-block-columns is-layout-flex wp-container-core-columns-is-layout-9d6595d7 wp-block-columns-is-layout-flex\">\n<div class=\"wp-block-column is-layout-flow wp-block-column-is-layout-flow\">\n<p>Laureatosi in architettura presso il Politecnico di Milano, apre fin da subito un proprio studio professionale. La sua formazione non \u00e8 per\u00f2 esclusivamente accademica: durante il periodo universitario lavora infatti per diverso tempo presso il suo docente <strong>Gio Ponti<\/strong>. Certamente questo apprendistato \u00e8 fondamentale per la filosofia creativa che lo accompagna lungo il corso della sua carriera.<\/p>\n\n\n\n<p><strong>Tutti i suoi progetti sono infatti pensati nella doppia veste di designer e architetto.<\/strong> Come egli stesso afferma, in qualit\u00e0 di designer deve tenere conto delle esigenze dell&#8217;azienda, quali costi e spendibilit\u00e0 sul mercato del prodotto, come architetto deve invece soddisfare le richieste del singolo individuo, comprenderne non solo le necessit\u00e0, ma anche i gusti.<\/p>\n\n\n\n<p>Per riassumere il processo del suo lavoro: deve procurarsi materiali da tradurre in forme.<\/p>\n<\/div>\n\n\n\n<div class=\"wp-block-column is-layout-flow wp-block-column-is-layout-flow\">\n<p>Da questa duplice veste nasce la personalissima modalit\u00e0 di Gianfranco Frattini di progettare gli spazi e degli arredi da collocarvi. L&#8217;ambiente domestico, la casa, \u00e8 per Frattini fondamentale per la vita dell&#8217;uomo; la riqualificazione o il riallestimento di abitazioni, in un&#8217;ottica pi\u00f9 razionale e funzionale diventa per lui una sfida, sempre con una cura all&#8217;organicit\u00e0, ma allo stesso tempo vivacit\u00e0 del progetto.<\/p>\n\n\n\n<p><strong>Per Frattini il design \u00e8 &#8220;innanzi tutto uno sforzo per migliorare la realt\u00e0&#8221;, che deve dunque essere conosciuta e compresa.<\/strong><\/p>\n\n\n\n<p>Da tali affermazioni si capisce come nella fase progettuale egli parta dalla funzione dell&#8217;oggetto o dell&#8217;ambiente. L&#8217;analisi del suo uso, da chi viene fruito e quali siano i materiali pi\u00f9 appropriati sono alla base delle sue creazioni.<\/p>\n<\/div>\n<\/div>\n\n\n<div class=\"wp-block-image\">\n<figure class=\"aligncenter size-large\"><img loading=\"lazy\" decoding=\"async\" width=\"1024\" height=\"780\" src=\"https:\/\/fineart.dimanoinmano.it\/magazine\/wp-content\/uploads\/2023\/11\/Paolo_Monti_-_Servizio_fotografico_-_BEIC_6356156-1024x780.jpg\" alt=\"\" class=\"wp-image-2160\" srcset=\"https:\/\/fineart.dimanoinmano.it\/magazine\/wp-content\/uploads\/2023\/11\/Paolo_Monti_-_Servizio_fotografico_-_BEIC_6356156-1024x780.jpg 1024w, https:\/\/fineart.dimanoinmano.it\/magazine\/wp-content\/uploads\/2023\/11\/Paolo_Monti_-_Servizio_fotografico_-_BEIC_6356156-300x229.jpg 300w, https:\/\/fineart.dimanoinmano.it\/magazine\/wp-content\/uploads\/2023\/11\/Paolo_Monti_-_Servizio_fotografico_-_BEIC_6356156-768x585.jpg 768w, https:\/\/fineart.dimanoinmano.it\/magazine\/wp-content\/uploads\/2023\/11\/Paolo_Monti_-_Servizio_fotografico_-_BEIC_6356156.jpg 1280w\" sizes=\"auto, (max-width: 1024px) 100vw, 1024px\" \/><figcaption class=\"wp-element-caption\">Hotel Europa Palace, Reception e piano bar, Anacapri<\/figcaption><\/figure>\n<\/div>\n\n\n<div class=\"wp-block-columns is-layout-flex wp-container-core-columns-is-layout-9d6595d7 wp-block-columns-is-layout-flex\">\n<div class=\"wp-block-column is-layout-flow wp-block-column-is-layout-flow\">\n<p>In una certa ottica, Gianfranco Frattini pu\u00f2 essere definito razionalista, nel senso che i suoi prodotti sono caratterizzati da una linearit\u00e0 oramai priva di qualsiasi orpello. Questa spoliazione \u00e8 solo apparentemente una semplificazione, perch\u00e9 alla base vi \u00e8 un attento studio dei dettagli costruttivi e tecnologici. I meccanismi anche pi\u00f9 minuti sono analizzati nel dettaglio, come i piedini regolabili o le cerniere di congiunzione.<\/p>\n\n\n\n<p>Che riassume perfettamente la filosofia progettuale di Frattini, \u00e8 la <strong>fortunata collaborazione con Bernini<\/strong>. Per l&#8217;azienda egli infatti idea una serie di mobili, pensando a tutti quelli che possono essere necessari per arredare un&#8217;abitazione, poi risolti con una certa coerenza a creare un&#8217;organicit\u00e0 stilistica.<\/p>\n<\/div>\n\n\n\n<div class=\"wp-block-column is-layout-flow wp-block-column-is-layout-flow\">\n<p>La dote di Gianfranco Frattini, infatti, \u00e8 quella di comprendere l&#8217;impostazione di un&#8217;azienda, la sua volont\u00e0 e la sua capacit\u00e0 produttiva. Ecco dunque che i suoi progetti sono caratterizzati dall&#8217;intuizione della vocazione del produttore, delle sue reali attitudini pi\u00f9 o meno industriali. La complessit\u00e0 dei prodotti da lui ideati \u00e8 varia, ma comunque in grado di enfatizzarne l&#8217;accuratezza tecnica.<\/p>\n\n\n\n<p>Ma i sodalizi dell&#8217;architetto e designer furono molteplici nell&#8217;arco della sua vita, facendo emergere proprio la sua capacit\u00e0 di abbracciare le realt\u00e0 delle differenti aziende, senza tradire il proprio &#8220;credo&#8221; artistico.<\/p>\n<\/div>\n<\/div>\n\n\n<div class=\"wp-block-image\">\n<figure class=\"aligncenter size-full\"><img loading=\"lazy\" decoding=\"async\" width=\"512\" height=\"539\" src=\"https:\/\/fineart.dimanoinmano.it\/magazine\/wp-content\/uploads\/2023\/11\/Boalum.png\" alt=\"\" class=\"wp-image-2159\" srcset=\"https:\/\/fineart.dimanoinmano.it\/magazine\/wp-content\/uploads\/2023\/11\/Boalum.png 512w, https:\/\/fineart.dimanoinmano.it\/magazine\/wp-content\/uploads\/2023\/11\/Boalum-285x300.png 285w, https:\/\/fineart.dimanoinmano.it\/magazine\/wp-content\/uploads\/2023\/11\/Boalum-96x100.png 96w\" sizes=\"auto, (max-width: 512px) 100vw, 512px\" \/><figcaption class=\"wp-element-caption\"><em>Boalum<\/em>, Achille Castiglioni e Gianfranco Frattini per Artemide<\/figcaption><\/figure>\n<\/div>\n\n\n<div class=\"wp-block-columns is-layout-flex wp-container-core-columns-is-layout-9d6595d7 wp-block-columns-is-layout-flex\">\n<div class=\"wp-block-column is-layout-flow wp-block-column-is-layout-flow\">\n<p>Gi\u00e0 nel 1954 il suo curriculum pu\u00f2 vantare la collaborazione con<strong> Cesare Cassina<\/strong> e la sua azienda, per la quale progetta diversi modelli di imbottiti ancora oggi molto richiesti. Da questo primo affaccio sul mondo dell&#8217;industria di design, la strada per Frattini \u00e8 in discesa. Sempre pi\u00f9 apprezzato e richiesto tanto dai produttori quanto dal mercato, numerose sono le collaborazioni negli anni successivi. Non solo Cassina e Bernini, ma anche <strong>Acerbis, Knoll<\/strong> e realt\u00e0 dedicate al mondo dell&#8217;illuminazione. Tra queste va certamente ricordata <strong>Artemide<\/strong>, per la quale idea <strong>Megaron<\/strong>, dalla forma pulita ed essenziale e <strong>Boalum<\/strong>, nata dal sodalizio con un altro importante nome del design italiano: <strong>Achille Castiglioni<\/strong>. Ma le sue collaborazioni con i grandi non si limitarono a questi, degne di nota sono anche le lampade che propone per l&#8217;<strong>Arteluce di Gino Sarfatti<\/strong>.<\/p>\n<\/div>\n\n\n\n<div class=\"wp-block-column is-layout-flow wp-block-column-is-layout-flow\">\n<p>Per concludere questo breve focus su Gianfranco Frattini, non bisogna per\u00f2 omettere anche la sua attivit\u00e0 di architetto, per la maggior parte caratterizzata non dalla concezione di strutture ex-novo, dovendo pi\u00f9 di frequente rapportarsi con spazi preesistenti. Il suo lavoro \u00e8 quello di riqualificazione, ma anche in questo caso il nostro si dimostra in grado di portare a compimento dei progetti che siano in grado di valorizzare gli ambienti, in un&#8217;ottica assolutamente funzionale alla destinazione d&#8217;uso, ma allo stesso tempo di grande impatto visivo. Da grandi realt\u00e0 come hotel, ad appartamenti di pi\u00f9 o meno piccole dimensioni, conosciuti grazie a fotografie dell&#8217;epoca, Frattini \u00e8 in grado di portare il proprio pensiero anche in questi disegni, in una perfetta sintesi tra modernit\u00e0 delle tecnologie e dei materiali e soddisfazione delle necessit\u00e0 primarie.<\/p>\n\n\n\n<p><\/p>\n<\/div>\n<\/div>\n\n\n\n<div class=\"wp-block-media-text alignwide is-stacked-on-mobile\"><figure class=\"wp-block-media-text__media\"><img loading=\"lazy\" decoding=\"async\" width=\"1024\" height=\"1024\" src=\"https:\/\/fineart.dimanoinmano.it\/magazine\/wp-content\/uploads\/2024\/01\/image.jpeg\" alt=\"\" class=\"wp-image-2232 size-full\" srcset=\"https:\/\/fineart.dimanoinmano.it\/magazine\/wp-content\/uploads\/2024\/01\/image.jpeg 1024w, https:\/\/fineart.dimanoinmano.it\/magazine\/wp-content\/uploads\/2024\/01\/image-300x300.jpeg 300w, https:\/\/fineart.dimanoinmano.it\/magazine\/wp-content\/uploads\/2024\/01\/image-150x150.jpeg 150w, https:\/\/fineart.dimanoinmano.it\/magazine\/wp-content\/uploads\/2024\/01\/image-768x768.jpeg 768w, https:\/\/fineart.dimanoinmano.it\/magazine\/wp-content\/uploads\/2024\/01\/image-60x60.jpeg 60w\" sizes=\"auto, (max-width: 1024px) 100vw, 1024px\" \/><\/figure><div class=\"wp-block-media-text__content\">\n<h3 class=\"wp-block-heading\"><a href=\"https:\/\/fineart.dimanoinmano.it\/poltrona-877-gianfranco-frattini-per-cassina\/\">Poltrona \u2018877\u2019 Gianfranco Frattini per Cassina<\/a><\/h3>\n<\/div><\/div>\n","protected":false},"excerpt":{"rendered":"<p>Laureatosi in architettura presso il Politecnico di Milano, apre fin da subito un proprio studio professionale. La sua formazione non \u00e8 per\u00f2 esclusivamente accademica: durante il periodo universitario lavora infatti per diverso tempo presso il suo docente Gio Ponti. Certamente questo apprendistato \u00e8 fondamentale per la filosofia creativa che lo accompagna lungo il corso della [&hellip;]<\/p>\n","protected":false},"author":1,"featured_media":2161,"comment_status":"closed","ping_status":"closed","sticky":false,"template":"","format":"standard","meta":{"_acf_changed":false,"footnotes":""},"categories":[5],"tags":[],"class_list":["post-2156","post","type-post","status-publish","format-standard","has-post-thumbnail","hentry","category-protagonisti"],"acf":[],"yoast_head":"<!-- This site is optimized with the Yoast SEO plugin v23.1 - https:\/\/yoast.com\/wordpress\/plugins\/seo\/ -->\n<title>Gianfranco Frattini, un&#039;icona del design italiano - FineArt Magazine<\/title>\n<meta name=\"description\" content=\"Gianfranco Frattini, architetto e designer allievo di Gio Ponti, ha collaborato con numerose aziende, tra le quali Cassina e Bernini.\" \/>\n<meta name=\"robots\" content=\"index, follow, max-snippet:-1, max-image-preview:large, max-video-preview:-1\" \/>\n<link rel=\"canonical\" href=\"https:\/\/fineart.dimanoinmano.it\/magazine\/gianfranco-frattini-unicona-del-design-italiano\/\" \/>\n<meta property=\"og:locale\" content=\"it_IT\" \/>\n<meta property=\"og:type\" content=\"article\" \/>\n<meta property=\"og:title\" content=\"Gianfranco Frattini, un&#039;icona del design italiano - FineArt Magazine\" \/>\n<meta property=\"og:description\" content=\"Gianfranco Frattini, architetto e designer allievo di Gio Ponti, ha collaborato con numerose aziende, tra le quali Cassina e Bernini.\" \/>\n<meta property=\"og:url\" content=\"https:\/\/fineart.dimanoinmano.it\/magazine\/gianfranco-frattini-unicona-del-design-italiano\/\" \/>\n<meta property=\"og:site_name\" content=\"FineArt Magazine\" \/>\n<meta property=\"article:published_time\" content=\"2023-11-21T14:20:54+00:00\" \/>\n<meta property=\"article:modified_time\" content=\"2024-01-15T14:02:43+00:00\" \/>\n<meta property=\"og:image\" content=\"https:\/\/fineart.dimanoinmano.it\/magazine\/wp-content\/uploads\/2023\/11\/Paolo_Monti_-_Servizio_fotografico_-_BEIC_6356285.jpg\" \/>\n\t<meta property=\"og:image:width\" content=\"1280\" \/>\n\t<meta property=\"og:image:height\" content=\"1020\" \/>\n\t<meta property=\"og:image:type\" content=\"image\/jpeg\" \/>\n<meta name=\"author\" content=\"FineArt\" \/>\n<meta name=\"twitter:card\" content=\"summary_large_image\" \/>\n<meta name=\"twitter:label1\" content=\"Scritto da\" \/>\n\t<meta name=\"twitter:data1\" content=\"FineArt\" \/>\n\t<meta name=\"twitter:label2\" content=\"Tempo di lettura stimato\" \/>\n\t<meta name=\"twitter:data2\" content=\"5 minuti\" \/>\n<script type=\"application\/ld+json\" class=\"yoast-schema-graph\">{\"@context\":\"https:\/\/schema.org\",\"@graph\":[{\"@type\":\"Article\",\"@id\":\"https:\/\/fineart.dimanoinmano.it\/magazine\/gianfranco-frattini-unicona-del-design-italiano\/#article\",\"isPartOf\":{\"@id\":\"https:\/\/fineart.dimanoinmano.it\/magazine\/gianfranco-frattini-unicona-del-design-italiano\/\"},\"author\":{\"name\":\"FineArt\",\"@id\":\"https:\/\/fineart.dimanoinmano.it\/magazine\/#\/schema\/person\/1d7dcf6ebd921f9994302c6cf77bc089\"},\"headline\":\"Gianfranco Frattini, un&#8217;icona del design italiano\",\"datePublished\":\"2023-11-21T14:20:54+00:00\",\"dateModified\":\"2024-01-15T14:02:43+00:00\",\"mainEntityOfPage\":{\"@id\":\"https:\/\/fineart.dimanoinmano.it\/magazine\/gianfranco-frattini-unicona-del-design-italiano\/\"},\"wordCount\":747,\"publisher\":{\"@id\":\"https:\/\/fineart.dimanoinmano.it\/magazine\/#organization\"},\"image\":{\"@id\":\"https:\/\/fineart.dimanoinmano.it\/magazine\/gianfranco-frattini-unicona-del-design-italiano\/#primaryimage\"},\"thumbnailUrl\":\"https:\/\/fineart.dimanoinmano.it\/magazine\/wp-content\/uploads\/2023\/11\/Paolo_Monti_-_Servizio_fotografico_-_BEIC_6356285.jpg\",\"articleSection\":[\"Protagonisti\"],\"inLanguage\":\"it-IT\"},{\"@type\":\"WebPage\",\"@id\":\"https:\/\/fineart.dimanoinmano.it\/magazine\/gianfranco-frattini-unicona-del-design-italiano\/\",\"url\":\"https:\/\/fineart.dimanoinmano.it\/magazine\/gianfranco-frattini-unicona-del-design-italiano\/\",\"name\":\"Gianfranco Frattini, un'icona del design italiano - FineArt Magazine\",\"isPartOf\":{\"@id\":\"https:\/\/fineart.dimanoinmano.it\/magazine\/#website\"},\"primaryImageOfPage\":{\"@id\":\"https:\/\/fineart.dimanoinmano.it\/magazine\/gianfranco-frattini-unicona-del-design-italiano\/#primaryimage\"},\"image\":{\"@id\":\"https:\/\/fineart.dimanoinmano.it\/magazine\/gianfranco-frattini-unicona-del-design-italiano\/#primaryimage\"},\"thumbnailUrl\":\"https:\/\/fineart.dimanoinmano.it\/magazine\/wp-content\/uploads\/2023\/11\/Paolo_Monti_-_Servizio_fotografico_-_BEIC_6356285.jpg\",\"datePublished\":\"2023-11-21T14:20:54+00:00\",\"dateModified\":\"2024-01-15T14:02:43+00:00\",\"description\":\"Gianfranco Frattini, architetto e designer allievo di Gio Ponti, ha collaborato con numerose aziende, tra le quali Cassina e Bernini.\",\"breadcrumb\":{\"@id\":\"https:\/\/fineart.dimanoinmano.it\/magazine\/gianfranco-frattini-unicona-del-design-italiano\/#breadcrumb\"},\"inLanguage\":\"it-IT\",\"potentialAction\":[{\"@type\":\"ReadAction\",\"target\":[\"https:\/\/fineart.dimanoinmano.it\/magazine\/gianfranco-frattini-unicona-del-design-italiano\/\"]}]},{\"@type\":\"ImageObject\",\"inLanguage\":\"it-IT\",\"@id\":\"https:\/\/fineart.dimanoinmano.it\/magazine\/gianfranco-frattini-unicona-del-design-italiano\/#primaryimage\",\"url\":\"https:\/\/fineart.dimanoinmano.it\/magazine\/wp-content\/uploads\/2023\/11\/Paolo_Monti_-_Servizio_fotografico_-_BEIC_6356285.jpg\",\"contentUrl\":\"https:\/\/fineart.dimanoinmano.it\/magazine\/wp-content\/uploads\/2023\/11\/Paolo_Monti_-_Servizio_fotografico_-_BEIC_6356285.jpg\",\"width\":1280,\"height\":1020},{\"@type\":\"BreadcrumbList\",\"@id\":\"https:\/\/fineart.dimanoinmano.it\/magazine\/gianfranco-frattini-unicona-del-design-italiano\/#breadcrumb\",\"itemListElement\":[{\"@type\":\"ListItem\",\"position\":1,\"name\":\"Home\",\"item\":\"https:\/\/fineart.dimanoinmano.it\/magazine\/\"},{\"@type\":\"ListItem\",\"position\":2,\"name\":\"Gianfranco Frattini, un&#8217;icona del design italiano\"}]},{\"@type\":\"WebSite\",\"@id\":\"https:\/\/fineart.dimanoinmano.it\/magazine\/#website\",\"url\":\"https:\/\/fineart.dimanoinmano.it\/magazine\/\",\"name\":\"FineArt Magazine\",\"description\":\"\",\"publisher\":{\"@id\":\"https:\/\/fineart.dimanoinmano.it\/magazine\/#organization\"},\"potentialAction\":[{\"@type\":\"SearchAction\",\"target\":{\"@type\":\"EntryPoint\",\"urlTemplate\":\"https:\/\/fineart.dimanoinmano.it\/magazine\/?s={search_term_string}\"},\"query-input\":\"required name=search_term_string\"}],\"inLanguage\":\"it-IT\"},{\"@type\":\"Organization\",\"@id\":\"https:\/\/fineart.dimanoinmano.it\/magazine\/#organization\",\"name\":\"FineArt Magazine\",\"url\":\"https:\/\/fineart.dimanoinmano.it\/magazine\/\",\"logo\":{\"@type\":\"ImageObject\",\"inLanguage\":\"it-IT\",\"@id\":\"https:\/\/fineart.dimanoinmano.it\/magazine\/#\/schema\/logo\/image\/\",\"url\":\"https:\/\/fineart.dimanoinmano.it\/magazine\/wp-content\/uploads\/2023\/03\/logo_fineart.png\",\"contentUrl\":\"https:\/\/fineart.dimanoinmano.it\/magazine\/wp-content\/uploads\/2023\/03\/logo_fineart.png\",\"width\":892,\"height\":115,\"caption\":\"FineArt Magazine\"},\"image\":{\"@id\":\"https:\/\/fineart.dimanoinmano.it\/magazine\/#\/schema\/logo\/image\/\"}},{\"@type\":\"Person\",\"@id\":\"https:\/\/fineart.dimanoinmano.it\/magazine\/#\/schema\/person\/1d7dcf6ebd921f9994302c6cf77bc089\",\"name\":\"FineArt\",\"image\":{\"@type\":\"ImageObject\",\"inLanguage\":\"it-IT\",\"@id\":\"https:\/\/fineart.dimanoinmano.it\/magazine\/#\/schema\/person\/image\/\",\"url\":\"https:\/\/secure.gravatar.com\/avatar\/99156fafcef61e51efc39bfd57ce0995a619a700c1761355b53b71090b5b665b?s=96&d=https%3A%2F%2Ffineart.dimanoinmano.it%2Fmagazine%2Fwp-content%2Fuploads%2F2023%2F03%2Fgravatar_fineart.png&r=g\",\"contentUrl\":\"https:\/\/secure.gravatar.com\/avatar\/99156fafcef61e51efc39bfd57ce0995a619a700c1761355b53b71090b5b665b?s=96&d=https%3A%2F%2Ffineart.dimanoinmano.it%2Fmagazine%2Fwp-content%2Fuploads%2F2023%2F03%2Fgravatar_fineart.png&r=g\",\"caption\":\"FineArt\"},\"description\":\"FineArt \u00e8 il progetto Di Mano in Mano che propone una selezione esclusiva di opere di antiquariato e design, presentandole per la loro singolarit\u00e0 e unicit\u00e0.\",\"sameAs\":[\"https:\/\/fineart.dimanoinmano.it\/magazine\"],\"url\":\"https:\/\/fineart.dimanoinmano.it\/magazine\/author\/fineartuk_magazine\/\"}]}<\/script>\n<!-- \/ Yoast SEO plugin. -->","yoast_head_json":{"title":"Gianfranco Frattini, un'icona del design italiano - FineArt Magazine","description":"Gianfranco Frattini, architetto e designer allievo di Gio Ponti, ha collaborato con numerose aziende, tra le quali Cassina e Bernini.","robots":{"index":"index","follow":"follow","max-snippet":"max-snippet:-1","max-image-preview":"max-image-preview:large","max-video-preview":"max-video-preview:-1"},"canonical":"https:\/\/fineart.dimanoinmano.it\/magazine\/gianfranco-frattini-unicona-del-design-italiano\/","og_locale":"it_IT","og_type":"article","og_title":"Gianfranco Frattini, un'icona del design italiano - FineArt Magazine","og_description":"Gianfranco Frattini, architetto e designer allievo di Gio Ponti, ha collaborato con numerose aziende, tra le quali Cassina e Bernini.","og_url":"https:\/\/fineart.dimanoinmano.it\/magazine\/gianfranco-frattini-unicona-del-design-italiano\/","og_site_name":"FineArt Magazine","article_published_time":"2023-11-21T14:20:54+00:00","article_modified_time":"2024-01-15T14:02:43+00:00","og_image":[{"width":1280,"height":1020,"url":"https:\/\/fineart.dimanoinmano.it\/magazine\/wp-content\/uploads\/2023\/11\/Paolo_Monti_-_Servizio_fotografico_-_BEIC_6356285.jpg","type":"image\/jpeg"}],"author":"FineArt","twitter_card":"summary_large_image","twitter_misc":{"Scritto da":"FineArt","Tempo di lettura stimato":"5 minuti"},"schema":{"@context":"https:\/\/schema.org","@graph":[{"@type":"Article","@id":"https:\/\/fineart.dimanoinmano.it\/magazine\/gianfranco-frattini-unicona-del-design-italiano\/#article","isPartOf":{"@id":"https:\/\/fineart.dimanoinmano.it\/magazine\/gianfranco-frattini-unicona-del-design-italiano\/"},"author":{"name":"FineArt","@id":"https:\/\/fineart.dimanoinmano.it\/magazine\/#\/schema\/person\/1d7dcf6ebd921f9994302c6cf77bc089"},"headline":"Gianfranco Frattini, un&#8217;icona del design italiano","datePublished":"2023-11-21T14:20:54+00:00","dateModified":"2024-01-15T14:02:43+00:00","mainEntityOfPage":{"@id":"https:\/\/fineart.dimanoinmano.it\/magazine\/gianfranco-frattini-unicona-del-design-italiano\/"},"wordCount":747,"publisher":{"@id":"https:\/\/fineart.dimanoinmano.it\/magazine\/#organization"},"image":{"@id":"https:\/\/fineart.dimanoinmano.it\/magazine\/gianfranco-frattini-unicona-del-design-italiano\/#primaryimage"},"thumbnailUrl":"https:\/\/fineart.dimanoinmano.it\/magazine\/wp-content\/uploads\/2023\/11\/Paolo_Monti_-_Servizio_fotografico_-_BEIC_6356285.jpg","articleSection":["Protagonisti"],"inLanguage":"it-IT"},{"@type":"WebPage","@id":"https:\/\/fineart.dimanoinmano.it\/magazine\/gianfranco-frattini-unicona-del-design-italiano\/","url":"https:\/\/fineart.dimanoinmano.it\/magazine\/gianfranco-frattini-unicona-del-design-italiano\/","name":"Gianfranco Frattini, un'icona del design italiano - FineArt Magazine","isPartOf":{"@id":"https:\/\/fineart.dimanoinmano.it\/magazine\/#website"},"primaryImageOfPage":{"@id":"https:\/\/fineart.dimanoinmano.it\/magazine\/gianfranco-frattini-unicona-del-design-italiano\/#primaryimage"},"image":{"@id":"https:\/\/fineart.dimanoinmano.it\/magazine\/gianfranco-frattini-unicona-del-design-italiano\/#primaryimage"},"thumbnailUrl":"https:\/\/fineart.dimanoinmano.it\/magazine\/wp-content\/uploads\/2023\/11\/Paolo_Monti_-_Servizio_fotografico_-_BEIC_6356285.jpg","datePublished":"2023-11-21T14:20:54+00:00","dateModified":"2024-01-15T14:02:43+00:00","description":"Gianfranco Frattini, architetto e designer allievo di Gio Ponti, ha collaborato con numerose aziende, tra le quali Cassina e Bernini.","breadcrumb":{"@id":"https:\/\/fineart.dimanoinmano.it\/magazine\/gianfranco-frattini-unicona-del-design-italiano\/#breadcrumb"},"inLanguage":"it-IT","potentialAction":[{"@type":"ReadAction","target":["https:\/\/fineart.dimanoinmano.it\/magazine\/gianfranco-frattini-unicona-del-design-italiano\/"]}]},{"@type":"ImageObject","inLanguage":"it-IT","@id":"https:\/\/fineart.dimanoinmano.it\/magazine\/gianfranco-frattini-unicona-del-design-italiano\/#primaryimage","url":"https:\/\/fineart.dimanoinmano.it\/magazine\/wp-content\/uploads\/2023\/11\/Paolo_Monti_-_Servizio_fotografico_-_BEIC_6356285.jpg","contentUrl":"https:\/\/fineart.dimanoinmano.it\/magazine\/wp-content\/uploads\/2023\/11\/Paolo_Monti_-_Servizio_fotografico_-_BEIC_6356285.jpg","width":1280,"height":1020},{"@type":"BreadcrumbList","@id":"https:\/\/fineart.dimanoinmano.it\/magazine\/gianfranco-frattini-unicona-del-design-italiano\/#breadcrumb","itemListElement":[{"@type":"ListItem","position":1,"name":"Home","item":"https:\/\/fineart.dimanoinmano.it\/magazine\/"},{"@type":"ListItem","position":2,"name":"Gianfranco Frattini, un&#8217;icona del design italiano"}]},{"@type":"WebSite","@id":"https:\/\/fineart.dimanoinmano.it\/magazine\/#website","url":"https:\/\/fineart.dimanoinmano.it\/magazine\/","name":"FineArt Magazine","description":"","publisher":{"@id":"https:\/\/fineart.dimanoinmano.it\/magazine\/#organization"},"potentialAction":[{"@type":"SearchAction","target":{"@type":"EntryPoint","urlTemplate":"https:\/\/fineart.dimanoinmano.it\/magazine\/?s={search_term_string}"},"query-input":"required name=search_term_string"}],"inLanguage":"it-IT"},{"@type":"Organization","@id":"https:\/\/fineart.dimanoinmano.it\/magazine\/#organization","name":"FineArt Magazine","url":"https:\/\/fineart.dimanoinmano.it\/magazine\/","logo":{"@type":"ImageObject","inLanguage":"it-IT","@id":"https:\/\/fineart.dimanoinmano.it\/magazine\/#\/schema\/logo\/image\/","url":"https:\/\/fineart.dimanoinmano.it\/magazine\/wp-content\/uploads\/2023\/03\/logo_fineart.png","contentUrl":"https:\/\/fineart.dimanoinmano.it\/magazine\/wp-content\/uploads\/2023\/03\/logo_fineart.png","width":892,"height":115,"caption":"FineArt Magazine"},"image":{"@id":"https:\/\/fineart.dimanoinmano.it\/magazine\/#\/schema\/logo\/image\/"}},{"@type":"Person","@id":"https:\/\/fineart.dimanoinmano.it\/magazine\/#\/schema\/person\/1d7dcf6ebd921f9994302c6cf77bc089","name":"FineArt","image":{"@type":"ImageObject","inLanguage":"it-IT","@id":"https:\/\/fineart.dimanoinmano.it\/magazine\/#\/schema\/person\/image\/","url":"https:\/\/secure.gravatar.com\/avatar\/99156fafcef61e51efc39bfd57ce0995a619a700c1761355b53b71090b5b665b?s=96&d=https%3A%2F%2Ffineart.dimanoinmano.it%2Fmagazine%2Fwp-content%2Fuploads%2F2023%2F03%2Fgravatar_fineart.png&r=g","contentUrl":"https:\/\/secure.gravatar.com\/avatar\/99156fafcef61e51efc39bfd57ce0995a619a700c1761355b53b71090b5b665b?s=96&d=https%3A%2F%2Ffineart.dimanoinmano.it%2Fmagazine%2Fwp-content%2Fuploads%2F2023%2F03%2Fgravatar_fineart.png&r=g","caption":"FineArt"},"description":"FineArt \u00e8 il progetto Di Mano in Mano che propone una selezione esclusiva di opere di antiquariato e design, presentandole per la loro singolarit\u00e0 e unicit\u00e0.","sameAs":["https:\/\/fineart.dimanoinmano.it\/magazine"],"url":"https:\/\/fineart.dimanoinmano.it\/magazine\/author\/fineartuk_magazine\/"}]}},"_links":{"self":[{"href":"https:\/\/fineart.dimanoinmano.it\/magazine\/wp-json\/wp\/v2\/posts\/2156","targetHints":{"allow":["GET"]}}],"collection":[{"href":"https:\/\/fineart.dimanoinmano.it\/magazine\/wp-json\/wp\/v2\/posts"}],"about":[{"href":"https:\/\/fineart.dimanoinmano.it\/magazine\/wp-json\/wp\/v2\/types\/post"}],"author":[{"embeddable":true,"href":"https:\/\/fineart.dimanoinmano.it\/magazine\/wp-json\/wp\/v2\/users\/1"}],"replies":[{"embeddable":true,"href":"https:\/\/fineart.dimanoinmano.it\/magazine\/wp-json\/wp\/v2\/comments?post=2156"}],"version-history":[{"count":4,"href":"https:\/\/fineart.dimanoinmano.it\/magazine\/wp-json\/wp\/v2\/posts\/2156\/revisions"}],"predecessor-version":[{"id":2233,"href":"https:\/\/fineart.dimanoinmano.it\/magazine\/wp-json\/wp\/v2\/posts\/2156\/revisions\/2233"}],"wp:featuredmedia":[{"embeddable":true,"href":"https:\/\/fineart.dimanoinmano.it\/magazine\/wp-json\/wp\/v2\/media\/2161"}],"wp:attachment":[{"href":"https:\/\/fineart.dimanoinmano.it\/magazine\/wp-json\/wp\/v2\/media?parent=2156"}],"wp:term":[{"taxonomy":"category","embeddable":true,"href":"https:\/\/fineart.dimanoinmano.it\/magazine\/wp-json\/wp\/v2\/categories?post=2156"},{"taxonomy":"post_tag","embeddable":true,"href":"https:\/\/fineart.dimanoinmano.it\/magazine\/wp-json\/wp\/v2\/tags?post=2156"}],"curies":[{"name":"wp","href":"https:\/\/api.w.org\/{rel}","templated":true}]}}