{"id":2077,"date":"2023-09-20T11:00:24","date_gmt":"2023-09-20T09:00:24","guid":{"rendered":"https:\/\/fineart.dimanoinmano.it\/magazine\/?p=2077"},"modified":"2024-01-12T15:01:54","modified_gmt":"2024-01-12T14:01:54","slug":"marmaros","status":"publish","type":"post","link":"https:\/\/fineart.dimanoinmano.it\/magazine\/marmaros\/","title":{"rendered":"Marmaros"},"content":{"rendered":"\n<h2 class=\"wp-block-heading\"><strong>La bellezza del marmo tra antico e design<\/strong><\/h2>\n\n\n\n<div class=\"wp-block-columns is-layout-flex wp-container-core-columns-is-layout-9d6595d7 wp-block-columns-is-layout-flex\">\n<div class=\"wp-block-column is-layout-flow wp-block-column-is-layout-flow\">\n<h5 class=\"wp-block-heading\">\u00abLe mie opere sono sempre nate dall&#8217;interesse, la curiosit\u00e0, che ho per la materia e i modi possibili di lavorarla; per poi trovare soluzioni spesso anche al limite, direi. Bisogna sempre porre molta attenzione alla scelta dei materiali con i quali sar\u00e0 realizzato un oggetto, poich\u00e9 si stabilisce un rapporto con la forma sempre molto delicato. L&#8217;innovazione tecnologica rappresenta uno degli aspetti fondamentali per il lavoro del designer, ma non deve portare all&#8217;esasperazione della tecnica a scapito di altri aspetti.\u00bb<\/h5>\n\n\n\n<p>Questa citazione di <strong>Angelo Mangiarotti<\/strong>, architetto e designer, spiega la nascita delle fortunate <strong>serie Eros e Incas<\/strong>, realizzate in marmo e pietra serena e realizzate da Skipper negli anni Settanta.<\/p>\n\n\n\n<p>Questi arredi costituiscono un nucleo cospicuo degli articoli proposti all&#8217;evento di FineArt by Di Mano in Mano, presso gli <strong>spazi espositivi di Cambiago, dal 23 settembre al 1 ottobre<\/strong>. Nella rassegna dedicata ai molteplici usi e lavorazioni del marmo, dall&#8217;antico passando attraverso il design e arrivando a pezzi contemporanei, Mangirotti ricopre un posto d&#8217;onore, in qualit\u00e0 di ideatore degli arredi che si connotano come dei veri e propri esperimenti con il marmo.<\/p>\n\n\n\n<p><\/p>\n<\/div>\n\n\n\n<div class=\"wp-block-column is-layout-flow wp-block-column-is-layout-flow\">\n<p>Per l&#8217;architetto, il materiale lapideo consente l&#8217;apertura a nuove sperimentazioni, soprattutto nella struttura dei mobili; viene appositamente scelto perch\u00e9 \u00e8 il materiale che meglio si presta alla realizzazione dell&#8217;oggetto stesso. Mangiarotti studi\u00f2 attentamente la resa estetica degli incastri dei blocchi che compongono i tavoli, ma analizz\u00f2 anche le caratteristiche fisiche del materiale, che con il suo peso specifico gli consent\u00ec di realizzare tavoli la cui stabilit\u00e0 \u00e8 garantita dalla gravit\u00e0.<\/p>\n\n\n\n<p>Il marmo \u00e8 dunque scelto sia per la sua aulicit\u00e0 e raffinatezza estetica, ma anche per le sue peculiarit\u00e0 fisiche, funzionali alla realizzazione di tavoli cos\u00ec come sono progettati dal designer.<\/p>\n\n\n\n<p>Mangiarotti stesso, restando fedele al concetto di design come di prodotti legati a una produzione pi\u00f9 massiva, con la realizzazione della fortunata serie Eros, port\u00f2 a una e vera e propria meccanizzazione nella lavorazione del marmo. Se fino a poco prima erano infatti necessari molti interventi manuali, questi vennero quasi completamente eliminati grazie alla messa a punto di attrezzature appositamente realizzate per l&#8217;occasione.<\/p>\n\n\n\n<p><\/p>\n<\/div>\n<\/div>\n\n\n<div class=\"wp-block-image\">\n<figure class=\"aligncenter size-large\"><img loading=\"lazy\" decoding=\"async\" width=\"1024\" height=\"1024\" src=\"https:\/\/fineart.dimanoinmano.it\/magazine\/wp-content\/uploads\/2023\/09\/MOTATA0197061_5-1024x1024.jpg\" alt=\"\" class=\"wp-image-2082\" srcset=\"https:\/\/fineart.dimanoinmano.it\/magazine\/wp-content\/uploads\/2023\/09\/MOTATA0197061_5-1024x1024.jpg 1024w, https:\/\/fineart.dimanoinmano.it\/magazine\/wp-content\/uploads\/2023\/09\/MOTATA0197061_5-300x300.jpg 300w, https:\/\/fineart.dimanoinmano.it\/magazine\/wp-content\/uploads\/2023\/09\/MOTATA0197061_5-150x150.jpg 150w, https:\/\/fineart.dimanoinmano.it\/magazine\/wp-content\/uploads\/2023\/09\/MOTATA0197061_5-768x768.jpg 768w, https:\/\/fineart.dimanoinmano.it\/magazine\/wp-content\/uploads\/2023\/09\/MOTATA0197061_5-60x60.jpg 60w, https:\/\/fineart.dimanoinmano.it\/magazine\/wp-content\/uploads\/2023\/09\/MOTATA0197061_5.jpg 1536w\" sizes=\"auto, (max-width: 1024px) 100vw, 1024px\" \/><\/figure>\n<\/div>\n\n\n<div class=\"wp-block-columns is-layout-flex wp-container-core-columns-is-layout-9d6595d7 wp-block-columns-is-layout-flex\">\n<div class=\"wp-block-column is-layout-flow wp-block-column-is-layout-flow\">\n<p>La sperimentazione con il marmo da parte di Mangiarotti, prosegu\u00ec anche nei decenni successivi. Degli anni Ottanta \u00e8 infatti il tavolo M4, nel quale il marmo \u00e8 impiegato per il solo balaustro centrale, mentre il piano \u00e8 in vetro, realizzando un arredo pi\u00f9 leggero sia letteralmente, che visualmente, attraverso le trasparenze del piano.<\/p>\n\n\n\n<p><strong>\u00abNei miei progetti, ho sempre cercato che le esigenze delle persone partecipassero alla definizione dell&#8217;opera. Direi che il punto di partenza fondamentale, per progettare un oggetto di design, risiede nell&#8217;utilit\u00e0 che questo ha per la gente. Un oggetto che non nasce da una necessit\u00e0 non pu\u00f2 essere neppure considerato come appartenente a questa categoria, il design.\u00bb<\/strong><\/p>\n\n\n\n<p class=\"has-text-align-right\">Angelo Mangiarotti<\/p>\n<\/div>\n\n\n\n<div class=\"wp-block-column is-layout-flow wp-block-column-is-layout-flow\">\n<p>L&#8217;uso del marmo in epoche pi\u00f9 recenti era gi\u00e0 stato affrontato in epoche recenti da altri architetti.<\/p>\n\n\n\n<p>Con l&#8217;avvento dell&#8217;industrializzazione e, ancor pi\u00f9, con le scoperte chimiche del Novecento, il mondo degli oggetti e degli arredi venne completamente stravolto. Soprattutto negli anni Cinquanta e Sessanta, la produzione di mobili vide sempre pi\u00f9 l&#8217;impiego di materiali plastici, molto richiesti sia per essere il sinonimo di quell&#8217;innovazione che tanto veniva agognata, ma anche per la loro economicit\u00e0 e dunque possibilit\u00e0 di entrare nelle case delle masse. Nei decenni precedenti era infatti completamente cambiato il modo di concepire la dimensione domestica delle proprie abitazioni e si era oramai resa necessaria la possibilit\u00e0 di arredare le case, a partire dall&#8217;emergente classe operaia, con mobili e oggetti che fossero allo stesso tempo economici, funzionali e di aspetto gradevole. Questa tipologia di materiali consentiva infatti l&#8217;apertura a nuove sperimentazioni anche nell&#8217;ambito estetico e delle forme, non solo con nuovi effetti visivi, ma anche della struttura stessa.<\/p>\n\n\n\n<p><\/p>\n<\/div>\n<\/div>\n\n\n<div class=\"wp-block-image\">\n<figure class=\"aligncenter size-large\"><img loading=\"lazy\" decoding=\"async\" width=\"1024\" height=\"1024\" src=\"https:\/\/fineart.dimanoinmano.it\/magazine\/wp-content\/uploads\/2023\/09\/MOTATA0194895_6-1024x1024.jpg\" alt=\"\" class=\"wp-image-2083\" srcset=\"https:\/\/fineart.dimanoinmano.it\/magazine\/wp-content\/uploads\/2023\/09\/MOTATA0194895_6-1024x1024.jpg 1024w, https:\/\/fineart.dimanoinmano.it\/magazine\/wp-content\/uploads\/2023\/09\/MOTATA0194895_6-300x300.jpg 300w, https:\/\/fineart.dimanoinmano.it\/magazine\/wp-content\/uploads\/2023\/09\/MOTATA0194895_6-150x150.jpg 150w, https:\/\/fineart.dimanoinmano.it\/magazine\/wp-content\/uploads\/2023\/09\/MOTATA0194895_6-768x768.jpg 768w, https:\/\/fineart.dimanoinmano.it\/magazine\/wp-content\/uploads\/2023\/09\/MOTATA0194895_6-60x60.jpg 60w, https:\/\/fineart.dimanoinmano.it\/magazine\/wp-content\/uploads\/2023\/09\/MOTATA0194895_6.jpg 1536w\" sizes=\"auto, (max-width: 1024px) 100vw, 1024px\" \/><\/figure>\n<\/div>\n\n\n<div class=\"wp-block-columns is-layout-flex wp-container-core-columns-is-layout-9d6595d7 wp-block-columns-is-layout-flex\">\n<div class=\"wp-block-column is-layout-flow wp-block-column-is-layout-flow\">\n<p>All&#8217;interno di questo panorama dominato da una produzione del tutto nuova e che catalizza buona parte del mercato, si affermarono alcune figure di architetti e designer che invece impiegano ancora un materiale aulico e antico quale il marmo.<\/p>\n\n\n\n<p>Partendo proprio dalla definizione di design, il marmo non fu pi\u00f9 scelto prettamente per le sue qualit\u00e0 estetiche, ma anche per la sua funzionalit\u00e0. Il materiale lapideo, proprio in un&#8217;ottica di fruibilit\u00e0 all&#8217;interno di una produzione industriale, venne scelto per le sue caratteristiche intrinseche di peso specifico e stabilit\u00e0, consentendo, attraverso un&#8217;attenta fase progettuale, la realizzazione di nuovi arredi.<\/p>\n\n\n\n<p><strong>Appositamente scelto dai designer perch\u00e9 \u00e8 il materiale che meglio si presta alla realizzazione dell&#8217;oggetto stesso.<\/strong><\/p>\n<\/div>\n\n\n\n<div class=\"wp-block-column is-layout-flow wp-block-column-is-layout-flow\">\n<p>Un chiaro e precoce esempio a tal proposito \u00e8 costituito dalla celebre <strong><em>Arco<\/em> di Castiglioni per Flos<\/strong> <strong>(1962)<\/strong>, per la quale la scelta del marmo non fu decisa dall&#8217;inizio, ma quasi obbligata dalla struttura stessa della lampada. Il pesante blocco funge infatti da contrappeso al braccio telescopico alla cui estremit\u00e0 si trova il riflettore, conferendo una grande stabilit\u00e0.<\/p>\n\n\n\n<p>Nel corso dello stesso decennio l&#8217;uso del marmo divenne non pi\u00f9 casuale e occasionale, ma si caratterizz\u00f2 come una scelta voluta da diversi designer, non pi\u00f9 relegato solamente a parte decorativa, ma egli stesso struttura.<\/p>\n<\/div>\n<\/div>\n\n\n<div class=\"wp-block-image\">\n<figure class=\"aligncenter size-large\"><img loading=\"lazy\" decoding=\"async\" width=\"1024\" height=\"1024\" src=\"https:\/\/fineart.dimanoinmano.it\/magazine\/wp-content\/uploads\/2023\/09\/MOTATA0197061_2-1024x1024.jpg\" alt=\"\" class=\"wp-image-2084\" srcset=\"https:\/\/fineart.dimanoinmano.it\/magazine\/wp-content\/uploads\/2023\/09\/MOTATA0197061_2-1024x1024.jpg 1024w, https:\/\/fineart.dimanoinmano.it\/magazine\/wp-content\/uploads\/2023\/09\/MOTATA0197061_2-300x300.jpg 300w, https:\/\/fineart.dimanoinmano.it\/magazine\/wp-content\/uploads\/2023\/09\/MOTATA0197061_2-150x150.jpg 150w, https:\/\/fineart.dimanoinmano.it\/magazine\/wp-content\/uploads\/2023\/09\/MOTATA0197061_2-768x768.jpg 768w, https:\/\/fineart.dimanoinmano.it\/magazine\/wp-content\/uploads\/2023\/09\/MOTATA0197061_2-60x60.jpg 60w, https:\/\/fineart.dimanoinmano.it\/magazine\/wp-content\/uploads\/2023\/09\/MOTATA0197061_2.jpg 1536w\" sizes=\"auto, (max-width: 1024px) 100vw, 1024px\" \/><\/figure>\n<\/div>\n\n\n<div class=\"wp-block-columns is-layout-flex wp-container-core-columns-is-layout-9d6595d7 wp-block-columns-is-layout-flex\">\n<div class=\"wp-block-column is-layout-flow wp-block-column-is-layout-flow\">\n<p><strong>\u00abIl mediocre non ci interessa, il bello lo conosciamo, andiamo alla ricerca del sublime\u00bb.<\/strong><\/p>\n\n\n\n<p class=\"has-text-align-right\"><strong>Carlo Scarpa<\/strong><\/p>\n\n\n\n<p>Ne sono ulteriore testimonianza gli esempi di Carlo Scarpa, uno tra i pi\u00f9 grandi architetti italiani.<\/p>\n\n\n\n<p>Il <strong>tavolo <em>Delfi<\/em> fu progettato da Scarpa nel 1970<\/strong>, rivedendo un modello razionalista ideato negli anni Trenta da Marcel Breuer. Questo arredo \u00e8 costituito da due basi monolitiche in marmo che sostengono il piano rettangolare dello stesso materiale, fissati tra loro con boccole in ottone e perni in marmo. Il tavolo \u00e8 concepito come un elemento architettonico, con le poderose basi scanalate, e l&#8217;impiego del marmo non fa che aumentare questa percezione. Lo stesso concetto \u00e8 quello alla base del <strong>tavolo <em>Samo<\/em><\/strong>, anch&#8217;esso prodotto da Simon a partire dal 1970.<\/p>\n<\/div>\n\n\n\n<div class=\"wp-block-column is-layout-flow wp-block-column-is-layout-flow\">\n<p>In realt\u00e0 l&#8217;uso del marmo trova le sue radici gi\u00e0 in antichit\u00e0.<\/p>\n\n\n\n<p><em>Marmaros<\/em>, &#8220;pietra splendente&#8221;, in greco antico indicava qualsiasi pietra potesse essere lucidabile mediante la levigatura.<\/p>\n\n\n\n<p>In antico il marmo \u00e8 scelto per le sue qualit\u00e0 estetiche, ma anche per la sua resistenza e longevit\u00e0. Ricercato dagli scultori, la naturale durezza del materiale e la difficolt\u00e0 nella correzione di errori, richiedono una particolare attenzione non solo in fase esecutiva, ma anche in quella progettuale. Ancor prima, l&#8217;artista deve adeguatamente saper scegliere il blocco di marmo, per evitare la formazione di crepe o rotture.<\/p>\n\n\n\n<p><\/p>\n<\/div>\n<\/div>\n\n\n<div class=\"wp-block-image\">\n<figure class=\"aligncenter size-large\"><img loading=\"lazy\" decoding=\"async\" width=\"1024\" height=\"1024\" src=\"https:\/\/fineart.dimanoinmano.it\/magazine\/wp-content\/uploads\/2023\/09\/MOTATA0190515_3-1024x1024.jpg\" alt=\"\" class=\"wp-image-2085\" srcset=\"https:\/\/fineart.dimanoinmano.it\/magazine\/wp-content\/uploads\/2023\/09\/MOTATA0190515_3-1024x1024.jpg 1024w, https:\/\/fineart.dimanoinmano.it\/magazine\/wp-content\/uploads\/2023\/09\/MOTATA0190515_3-300x300.jpg 300w, https:\/\/fineart.dimanoinmano.it\/magazine\/wp-content\/uploads\/2023\/09\/MOTATA0190515_3-150x150.jpg 150w, https:\/\/fineart.dimanoinmano.it\/magazine\/wp-content\/uploads\/2023\/09\/MOTATA0190515_3-768x768.jpg 768w, https:\/\/fineart.dimanoinmano.it\/magazine\/wp-content\/uploads\/2023\/09\/MOTATA0190515_3-60x60.jpg 60w, https:\/\/fineart.dimanoinmano.it\/magazine\/wp-content\/uploads\/2023\/09\/MOTATA0190515_3.jpg 1536w\" sizes=\"auto, (max-width: 1024px) 100vw, 1024px\" \/><\/figure>\n<\/div>\n\n\n<div class=\"wp-block-columns is-layout-flex wp-container-core-columns-is-layout-9d6595d7 wp-block-columns-is-layout-flex\">\n<div class=\"wp-block-column is-layout-flow wp-block-column-is-layout-flow\">\n<p>In antico, in epoca rinascimentale, cos\u00ec come in quella barocca e fino al XIX secolo, il marmo era ricercato prettamente per le sue qualit\u00e0 estetiche. Ampiamente usato nella realizzazione di statue, questo materiale \u00e8 noto per essere il prediletto di molti artisti di grande fama. Non si pu\u00f2 non citare<strong> Michelangelo Buonarroti<\/strong> e i suoi numerosi apparati scultorei, che dimostrano la capacit\u00e0 di plasmare la materia, facendo emergere le poderose figure dal blocco grezzo. Ancora, pi\u00f9 tardi, <strong>Gian Lorenzo Bernini<\/strong>, vero e proprio genio nella trattazione del marmo che viene da lui trasformato dando una resa assolutamente mimetica con la realt\u00e0.<\/p>\n\n\n\n<p>Ma in antico il marmo \u00e8 ampiamente usato anche a decorazione degli arredi, per impreziosirli: la difficolt\u00e0 nell&#8217;estrazione, nel trasporto e nella lavorazione del materiale ne fanno un prodotto costoso, che solamente le committenze pi\u00f9 facoltose possono permettersi.<\/p>\n\n\n\n<p><strong>La presenza del marmo sulla mobilia ci conferma l&#8217;alta fattura e ricercatezza di questi complementi.<\/strong><\/p>\n\n\n\n<p>Il marmo veniva impiegato soprattutto nella realizzazione dei piani; pi\u00f9 rari ma comunque noti sono esempi di cassettoni nei quali il materiale lapideo \u00e8 impiegato anche a impreziosire il fronte e i fianchi. <\/p>\n<\/div>\n\n\n\n<div class=\"wp-block-column is-layout-flow wp-block-column-is-layout-flow\">\n<p>Vero e proprio status symbol, il marmo era ricercato anche per le caratteristiche estetiche, grazie alle numerose varianti e colorazioni. Spesso, inoltre, le lastre di marmo sono accostate tra loro in modo che le venature formino disegni geometrici e specchiature, aumentandone la raffinatezza.<\/p>\n\n\n\n<p>Ma in antico il marmo aveva anche una vera e propria valenza scientifica. Con la riscoperta degli scavi pompeiani e il fenomeno dei Grand Tour, sono molto richiesti i tavoli lapidei, i cui piani realizzati in marmo commesso presentano un campionario che soddisfa il desiderio di cultura dell&#8217;acquirente. Tra le botteghe pi\u00f9 prolifiche vi \u00e8 l&#8217;Opificio presieduto da <strong>Alfonso Cavamelli<\/strong>, al quale \u00e8 attribuito il maestoso tavolo proposto in esposizione. Pur con una grande accuratezza nella resa estetica, grazie a un complesso sistema di ellissi che vanno a formare le losanghe entro le quali sono alloggiati i marmi, il piano circolare si propone come un vero e proprio catalogo di marmi e pietre dure, una selezione di materiali lapidei ricercati per la loro bellezza e dimostrazione di cultura, dunque ancora uno volta a rimarcare lo status sociale, in questo caso di dotto uomo illuminista.<\/p>\n<\/div>\n<\/div>\n\n\n\n<figure class=\"wp-block-gallery has-nested-images columns-default is-cropped wp-block-gallery-1 is-layout-flex wp-block-gallery-is-layout-flex\">\n<figure class=\"wp-block-image size-large\"><img loading=\"lazy\" decoding=\"async\" width=\"1024\" height=\"1024\" data-id=\"2086\" src=\"https:\/\/fineart.dimanoinmano.it\/magazine\/wp-content\/uploads\/2023\/09\/ANCOPI0060488_3-1024x1024.jpg\" alt=\"\" class=\"wp-image-2086\" srcset=\"https:\/\/fineart.dimanoinmano.it\/magazine\/wp-content\/uploads\/2023\/09\/ANCOPI0060488_3-1024x1024.jpg 1024w, https:\/\/fineart.dimanoinmano.it\/magazine\/wp-content\/uploads\/2023\/09\/ANCOPI0060488_3-300x300.jpg 300w, https:\/\/fineart.dimanoinmano.it\/magazine\/wp-content\/uploads\/2023\/09\/ANCOPI0060488_3-150x150.jpg 150w, https:\/\/fineart.dimanoinmano.it\/magazine\/wp-content\/uploads\/2023\/09\/ANCOPI0060488_3-768x768.jpg 768w, https:\/\/fineart.dimanoinmano.it\/magazine\/wp-content\/uploads\/2023\/09\/ANCOPI0060488_3-60x60.jpg 60w, https:\/\/fineart.dimanoinmano.it\/magazine\/wp-content\/uploads\/2023\/09\/ANCOPI0060488_3.jpg 1536w\" sizes=\"auto, (max-width: 1024px) 100vw, 1024px\" \/><\/figure>\n<\/figure>\n\n\n\n<p class=\"has-text-align-center\"><\/p>\n\n\n\n<div class=\"wp-block-columns is-layout-flex wp-container-core-columns-is-layout-9d6595d7 wp-block-columns-is-layout-flex\">\n<div class=\"wp-block-column is-layout-flow wp-block-column-is-layout-flow\">\n<p>Il marmo continua tutt&#8217;oggi a essere un materiale apprezzato e impiegato dai designer, come le opere proposte e realizzate da studiointervallo.<\/p>\n\n\n\n<p><strong>Fondato da Andrea Ghisoni, studiointervallo persegue un\u2019idea di progetto che nasce dall\u2019intersezione tra l\u2019essenzialit\u00e0 del segno, la luminosit\u00e0 delle forme e la nobilt\u00e0 del lavoro artigianale.<\/strong><\/p>\n\n\n\n<p>Arredi mono-materici in grado di configurarsi come piccole architetture, che dialogano con la luce dell\u2019ambiente circostante, generando giochi di chiaroscuro. Gli elementi propri dell\u2019architettura fanno un salto di scala per diventare struttura e decoro di arredi caratterizzati da una forte identit\u00e0.<\/p>\n\n\n\n<p>La ricerca dei materiali e delle finiture valorizza il prodotto conferendogli unicit\u00e0 e rendendolo un elemento prezioso.<\/p>\n<\/div>\n\n\n\n<div class=\"wp-block-column is-layout-flow wp-block-column-is-layout-flow\">\n<p>La <strong>collezione Mirage<\/strong>, rappresentata in mostra dai coffe-table e dai centerpiece, nasce dalla matericit\u00e0 monolitica della pietra. Forma e funzione coincidono, creando un elemento senza fronzoli, che nasce dalla sottrazione della materia. I pieni e i vuoti si alternano e creano sfumature di luce grazie alla giustapposizione dei decori.<\/p>\n\n\n\n<p>La <strong>console Bogdan<\/strong> nasce da un\u2019unico blocco di marmo. Un complemento d\u2019arredo mono materico, caratterizzato solo da un\u2019unica linea di colore che ne definisce il perimetro e la forma.<\/p>\n\n\n\n<p>I coni alla base, disposti in modo circolare a creare un elemento unitario, sorreggono il piano che si configura come elemento d\u2019unione di ci\u00f2 che lo innalza. Il dettaglio della lavorazione sul bordo impreziosisce e completa il piano, creando insieme ai coni, giochi di chiaro scuro.<\/p>\n<\/div>\n<\/div>\n\n\n<div class=\"wp-block-image\">\n<figure class=\"aligncenter size-large\"><img loading=\"lazy\" decoding=\"async\" width=\"683\" height=\"1024\" src=\"https:\/\/fineart.dimanoinmano.it\/magazine\/wp-content\/uploads\/2023\/09\/studiointervallo_Bogdan-console-marble_2022_DAILY_05_\u00a9-Giulio-Boem-683x1024.jpg\" alt=\"\" class=\"wp-image-2087\" srcset=\"https:\/\/fineart.dimanoinmano.it\/magazine\/wp-content\/uploads\/2023\/09\/studiointervallo_Bogdan-console-marble_2022_DAILY_05_\u00a9-Giulio-Boem-683x1024.jpg 683w, https:\/\/fineart.dimanoinmano.it\/magazine\/wp-content\/uploads\/2023\/09\/studiointervallo_Bogdan-console-marble_2022_DAILY_05_\u00a9-Giulio-Boem-200x300.jpg 200w, https:\/\/fineart.dimanoinmano.it\/magazine\/wp-content\/uploads\/2023\/09\/studiointervallo_Bogdan-console-marble_2022_DAILY_05_\u00a9-Giulio-Boem-768x1152.jpg 768w, https:\/\/fineart.dimanoinmano.it\/magazine\/wp-content\/uploads\/2023\/09\/studiointervallo_Bogdan-console-marble_2022_DAILY_05_\u00a9-Giulio-Boem-1024x1536.jpg 1024w, https:\/\/fineart.dimanoinmano.it\/magazine\/wp-content\/uploads\/2023\/09\/studiointervallo_Bogdan-console-marble_2022_DAILY_05_\u00a9-Giulio-Boem-1365x2048.jpg 1365w, https:\/\/fineart.dimanoinmano.it\/magazine\/wp-content\/uploads\/2023\/09\/studiointervallo_Bogdan-console-marble_2022_DAILY_05_\u00a9-Giulio-Boem-scaled.jpg 1707w\" sizes=\"auto, (max-width: 683px) 100vw, 683px\" \/><\/figure>\n<\/div>","protected":false},"excerpt":{"rendered":"<p>La bellezza del marmo tra antico e design \u00abLe mie opere sono sempre nate dall&#8217;interesse, la curiosit\u00e0, che ho per la materia e i modi possibili di lavorarla; per poi trovare soluzioni spesso anche al limite, direi. Bisogna sempre porre molta attenzione alla scelta dei materiali con i quali sar\u00e0 realizzato un oggetto, poich\u00e9 si [&hellip;]<\/p>\n","protected":false},"author":1,"featured_media":2081,"comment_status":"closed","ping_status":"closed","sticky":false,"template":"","format":"standard","meta":{"_acf_changed":false,"footnotes":""},"categories":[3],"tags":[],"class_list":["post-2077","post","type-post","status-publish","format-standard","has-post-thumbnail","hentry","category-mostre-ed-eventi"],"acf":[],"yoast_head":"<!-- This site is optimized with the Yoast SEO plugin v23.1 - https:\/\/yoast.com\/wordpress\/plugins\/seo\/ -->\n<title>Marmaros - FineArt Magazine<\/title>\n<meta name=\"description\" content=\"&quot;Marmaros. La bellezza del marmo tra antico e design&quot;, rassegna che ha come fil rouge l&#039;uso del marmo dall&#039;antichit\u00e0 alla contemporaneit\u00e0.\" \/>\n<meta name=\"robots\" content=\"index, follow, max-snippet:-1, max-image-preview:large, max-video-preview:-1\" \/>\n<link rel=\"canonical\" href=\"https:\/\/fineart.dimanoinmano.it\/magazine\/marmaros\/\" \/>\n<meta property=\"og:locale\" content=\"it_IT\" \/>\n<meta property=\"og:type\" content=\"article\" \/>\n<meta property=\"og:title\" content=\"Marmaros - FineArt Magazine\" \/>\n<meta property=\"og:description\" content=\"&quot;Marmaros. La bellezza del marmo tra antico e design&quot;, rassegna che ha come fil rouge l&#039;uso del marmo dall&#039;antichit\u00e0 alla contemporaneit\u00e0.\" \/>\n<meta property=\"og:url\" content=\"https:\/\/fineart.dimanoinmano.it\/magazine\/marmaros\/\" \/>\n<meta property=\"og:site_name\" content=\"FineArt Magazine\" \/>\n<meta property=\"article:published_time\" content=\"2023-09-20T09:00:24+00:00\" \/>\n<meta property=\"article:modified_time\" content=\"2024-01-12T14:01:54+00:00\" \/>\n<meta property=\"og:image\" content=\"https:\/\/fineart.dimanoinmano.it\/magazine\/wp-content\/uploads\/2023\/09\/MOTATA0201738_6.jpg\" \/>\n\t<meta property=\"og:image:width\" content=\"1536\" \/>\n\t<meta property=\"og:image:height\" content=\"1536\" \/>\n\t<meta property=\"og:image:type\" content=\"image\/jpeg\" \/>\n<meta name=\"author\" content=\"FineArt\" \/>\n<meta name=\"twitter:card\" content=\"summary_large_image\" \/>\n<meta name=\"twitter:label1\" content=\"Scritto da\" \/>\n\t<meta name=\"twitter:data1\" content=\"FineArt\" \/>\n\t<meta name=\"twitter:label2\" content=\"Tempo di lettura stimato\" \/>\n\t<meta name=\"twitter:data2\" content=\"10 minuti\" \/>\n<script type=\"application\/ld+json\" class=\"yoast-schema-graph\">{\"@context\":\"https:\/\/schema.org\",\"@graph\":[{\"@type\":\"Article\",\"@id\":\"https:\/\/fineart.dimanoinmano.it\/magazine\/marmaros\/#article\",\"isPartOf\":{\"@id\":\"https:\/\/fineart.dimanoinmano.it\/magazine\/marmaros\/\"},\"author\":{\"name\":\"FineArt\",\"@id\":\"https:\/\/fineart.dimanoinmano.it\/magazine\/#\/schema\/person\/1d7dcf6ebd921f9994302c6cf77bc089\"},\"headline\":\"Marmaros\",\"datePublished\":\"2023-09-20T09:00:24+00:00\",\"dateModified\":\"2024-01-12T14:01:54+00:00\",\"mainEntityOfPage\":{\"@id\":\"https:\/\/fineart.dimanoinmano.it\/magazine\/marmaros\/\"},\"wordCount\":1674,\"publisher\":{\"@id\":\"https:\/\/fineart.dimanoinmano.it\/magazine\/#organization\"},\"image\":{\"@id\":\"https:\/\/fineart.dimanoinmano.it\/magazine\/marmaros\/#primaryimage\"},\"thumbnailUrl\":\"https:\/\/fineart.dimanoinmano.it\/magazine\/wp-content\/uploads\/2023\/09\/MOTATA0201738_6.jpg\",\"articleSection\":[\"Mostre ed Eventi\"],\"inLanguage\":\"it-IT\"},{\"@type\":\"WebPage\",\"@id\":\"https:\/\/fineart.dimanoinmano.it\/magazine\/marmaros\/\",\"url\":\"https:\/\/fineart.dimanoinmano.it\/magazine\/marmaros\/\",\"name\":\"Marmaros - FineArt Magazine\",\"isPartOf\":{\"@id\":\"https:\/\/fineart.dimanoinmano.it\/magazine\/#website\"},\"primaryImageOfPage\":{\"@id\":\"https:\/\/fineart.dimanoinmano.it\/magazine\/marmaros\/#primaryimage\"},\"image\":{\"@id\":\"https:\/\/fineart.dimanoinmano.it\/magazine\/marmaros\/#primaryimage\"},\"thumbnailUrl\":\"https:\/\/fineart.dimanoinmano.it\/magazine\/wp-content\/uploads\/2023\/09\/MOTATA0201738_6.jpg\",\"datePublished\":\"2023-09-20T09:00:24+00:00\",\"dateModified\":\"2024-01-12T14:01:54+00:00\",\"description\":\"\\\"Marmaros. La bellezza del marmo tra antico e design\\\", rassegna che ha come fil rouge l'uso del marmo dall'antichit\u00e0 alla contemporaneit\u00e0.\",\"breadcrumb\":{\"@id\":\"https:\/\/fineart.dimanoinmano.it\/magazine\/marmaros\/#breadcrumb\"},\"inLanguage\":\"it-IT\",\"potentialAction\":[{\"@type\":\"ReadAction\",\"target\":[\"https:\/\/fineart.dimanoinmano.it\/magazine\/marmaros\/\"]}]},{\"@type\":\"ImageObject\",\"inLanguage\":\"it-IT\",\"@id\":\"https:\/\/fineart.dimanoinmano.it\/magazine\/marmaros\/#primaryimage\",\"url\":\"https:\/\/fineart.dimanoinmano.it\/magazine\/wp-content\/uploads\/2023\/09\/MOTATA0201738_6.jpg\",\"contentUrl\":\"https:\/\/fineart.dimanoinmano.it\/magazine\/wp-content\/uploads\/2023\/09\/MOTATA0201738_6.jpg\",\"width\":1536,\"height\":1536},{\"@type\":\"BreadcrumbList\",\"@id\":\"https:\/\/fineart.dimanoinmano.it\/magazine\/marmaros\/#breadcrumb\",\"itemListElement\":[{\"@type\":\"ListItem\",\"position\":1,\"name\":\"Home\",\"item\":\"https:\/\/fineart.dimanoinmano.it\/magazine\/\"},{\"@type\":\"ListItem\",\"position\":2,\"name\":\"Marmaros\"}]},{\"@type\":\"WebSite\",\"@id\":\"https:\/\/fineart.dimanoinmano.it\/magazine\/#website\",\"url\":\"https:\/\/fineart.dimanoinmano.it\/magazine\/\",\"name\":\"FineArt Magazine\",\"description\":\"\",\"publisher\":{\"@id\":\"https:\/\/fineart.dimanoinmano.it\/magazine\/#organization\"},\"potentialAction\":[{\"@type\":\"SearchAction\",\"target\":{\"@type\":\"EntryPoint\",\"urlTemplate\":\"https:\/\/fineart.dimanoinmano.it\/magazine\/?s={search_term_string}\"},\"query-input\":\"required name=search_term_string\"}],\"inLanguage\":\"it-IT\"},{\"@type\":\"Organization\",\"@id\":\"https:\/\/fineart.dimanoinmano.it\/magazine\/#organization\",\"name\":\"FineArt Magazine\",\"url\":\"https:\/\/fineart.dimanoinmano.it\/magazine\/\",\"logo\":{\"@type\":\"ImageObject\",\"inLanguage\":\"it-IT\",\"@id\":\"https:\/\/fineart.dimanoinmano.it\/magazine\/#\/schema\/logo\/image\/\",\"url\":\"https:\/\/fineart.dimanoinmano.it\/magazine\/wp-content\/uploads\/2023\/03\/logo_fineart.png\",\"contentUrl\":\"https:\/\/fineart.dimanoinmano.it\/magazine\/wp-content\/uploads\/2023\/03\/logo_fineart.png\",\"width\":892,\"height\":115,\"caption\":\"FineArt Magazine\"},\"image\":{\"@id\":\"https:\/\/fineart.dimanoinmano.it\/magazine\/#\/schema\/logo\/image\/\"}},{\"@type\":\"Person\",\"@id\":\"https:\/\/fineart.dimanoinmano.it\/magazine\/#\/schema\/person\/1d7dcf6ebd921f9994302c6cf77bc089\",\"name\":\"FineArt\",\"image\":{\"@type\":\"ImageObject\",\"inLanguage\":\"it-IT\",\"@id\":\"https:\/\/fineart.dimanoinmano.it\/magazine\/#\/schema\/person\/image\/\",\"url\":\"https:\/\/secure.gravatar.com\/avatar\/99156fafcef61e51efc39bfd57ce0995a619a700c1761355b53b71090b5b665b?s=96&d=https%3A%2F%2Ffineart.dimanoinmano.it%2Fmagazine%2Fwp-content%2Fuploads%2F2023%2F03%2Fgravatar_fineart.png&r=g\",\"contentUrl\":\"https:\/\/secure.gravatar.com\/avatar\/99156fafcef61e51efc39bfd57ce0995a619a700c1761355b53b71090b5b665b?s=96&d=https%3A%2F%2Ffineart.dimanoinmano.it%2Fmagazine%2Fwp-content%2Fuploads%2F2023%2F03%2Fgravatar_fineart.png&r=g\",\"caption\":\"FineArt\"},\"description\":\"FineArt \u00e8 il progetto Di Mano in Mano che propone una selezione esclusiva di opere di antiquariato e design, presentandole per la loro singolarit\u00e0 e unicit\u00e0.\",\"sameAs\":[\"https:\/\/fineart.dimanoinmano.it\/magazine\"],\"url\":\"https:\/\/fineart.dimanoinmano.it\/magazine\/author\/fineartuk_magazine\/\"}]}<\/script>\n<!-- \/ Yoast SEO plugin. -->","yoast_head_json":{"title":"Marmaros - FineArt Magazine","description":"\"Marmaros. La bellezza del marmo tra antico e design\", rassegna che ha come fil rouge l'uso del marmo dall'antichit\u00e0 alla contemporaneit\u00e0.","robots":{"index":"index","follow":"follow","max-snippet":"max-snippet:-1","max-image-preview":"max-image-preview:large","max-video-preview":"max-video-preview:-1"},"canonical":"https:\/\/fineart.dimanoinmano.it\/magazine\/marmaros\/","og_locale":"it_IT","og_type":"article","og_title":"Marmaros - FineArt Magazine","og_description":"\"Marmaros. La bellezza del marmo tra antico e design\", rassegna che ha come fil rouge l'uso del marmo dall'antichit\u00e0 alla contemporaneit\u00e0.","og_url":"https:\/\/fineart.dimanoinmano.it\/magazine\/marmaros\/","og_site_name":"FineArt Magazine","article_published_time":"2023-09-20T09:00:24+00:00","article_modified_time":"2024-01-12T14:01:54+00:00","og_image":[{"width":1536,"height":1536,"url":"https:\/\/fineart.dimanoinmano.it\/magazine\/wp-content\/uploads\/2023\/09\/MOTATA0201738_6.jpg","type":"image\/jpeg"}],"author":"FineArt","twitter_card":"summary_large_image","twitter_misc":{"Scritto da":"FineArt","Tempo di lettura stimato":"10 minuti"},"schema":{"@context":"https:\/\/schema.org","@graph":[{"@type":"Article","@id":"https:\/\/fineart.dimanoinmano.it\/magazine\/marmaros\/#article","isPartOf":{"@id":"https:\/\/fineart.dimanoinmano.it\/magazine\/marmaros\/"},"author":{"name":"FineArt","@id":"https:\/\/fineart.dimanoinmano.it\/magazine\/#\/schema\/person\/1d7dcf6ebd921f9994302c6cf77bc089"},"headline":"Marmaros","datePublished":"2023-09-20T09:00:24+00:00","dateModified":"2024-01-12T14:01:54+00:00","mainEntityOfPage":{"@id":"https:\/\/fineart.dimanoinmano.it\/magazine\/marmaros\/"},"wordCount":1674,"publisher":{"@id":"https:\/\/fineart.dimanoinmano.it\/magazine\/#organization"},"image":{"@id":"https:\/\/fineart.dimanoinmano.it\/magazine\/marmaros\/#primaryimage"},"thumbnailUrl":"https:\/\/fineart.dimanoinmano.it\/magazine\/wp-content\/uploads\/2023\/09\/MOTATA0201738_6.jpg","articleSection":["Mostre ed Eventi"],"inLanguage":"it-IT"},{"@type":"WebPage","@id":"https:\/\/fineart.dimanoinmano.it\/magazine\/marmaros\/","url":"https:\/\/fineart.dimanoinmano.it\/magazine\/marmaros\/","name":"Marmaros - FineArt Magazine","isPartOf":{"@id":"https:\/\/fineart.dimanoinmano.it\/magazine\/#website"},"primaryImageOfPage":{"@id":"https:\/\/fineart.dimanoinmano.it\/magazine\/marmaros\/#primaryimage"},"image":{"@id":"https:\/\/fineart.dimanoinmano.it\/magazine\/marmaros\/#primaryimage"},"thumbnailUrl":"https:\/\/fineart.dimanoinmano.it\/magazine\/wp-content\/uploads\/2023\/09\/MOTATA0201738_6.jpg","datePublished":"2023-09-20T09:00:24+00:00","dateModified":"2024-01-12T14:01:54+00:00","description":"\"Marmaros. La bellezza del marmo tra antico e design\", rassegna che ha come fil rouge l'uso del marmo dall'antichit\u00e0 alla contemporaneit\u00e0.","breadcrumb":{"@id":"https:\/\/fineart.dimanoinmano.it\/magazine\/marmaros\/#breadcrumb"},"inLanguage":"it-IT","potentialAction":[{"@type":"ReadAction","target":["https:\/\/fineart.dimanoinmano.it\/magazine\/marmaros\/"]}]},{"@type":"ImageObject","inLanguage":"it-IT","@id":"https:\/\/fineart.dimanoinmano.it\/magazine\/marmaros\/#primaryimage","url":"https:\/\/fineart.dimanoinmano.it\/magazine\/wp-content\/uploads\/2023\/09\/MOTATA0201738_6.jpg","contentUrl":"https:\/\/fineart.dimanoinmano.it\/magazine\/wp-content\/uploads\/2023\/09\/MOTATA0201738_6.jpg","width":1536,"height":1536},{"@type":"BreadcrumbList","@id":"https:\/\/fineart.dimanoinmano.it\/magazine\/marmaros\/#breadcrumb","itemListElement":[{"@type":"ListItem","position":1,"name":"Home","item":"https:\/\/fineart.dimanoinmano.it\/magazine\/"},{"@type":"ListItem","position":2,"name":"Marmaros"}]},{"@type":"WebSite","@id":"https:\/\/fineart.dimanoinmano.it\/magazine\/#website","url":"https:\/\/fineart.dimanoinmano.it\/magazine\/","name":"FineArt Magazine","description":"","publisher":{"@id":"https:\/\/fineart.dimanoinmano.it\/magazine\/#organization"},"potentialAction":[{"@type":"SearchAction","target":{"@type":"EntryPoint","urlTemplate":"https:\/\/fineart.dimanoinmano.it\/magazine\/?s={search_term_string}"},"query-input":"required name=search_term_string"}],"inLanguage":"it-IT"},{"@type":"Organization","@id":"https:\/\/fineart.dimanoinmano.it\/magazine\/#organization","name":"FineArt Magazine","url":"https:\/\/fineart.dimanoinmano.it\/magazine\/","logo":{"@type":"ImageObject","inLanguage":"it-IT","@id":"https:\/\/fineart.dimanoinmano.it\/magazine\/#\/schema\/logo\/image\/","url":"https:\/\/fineart.dimanoinmano.it\/magazine\/wp-content\/uploads\/2023\/03\/logo_fineart.png","contentUrl":"https:\/\/fineart.dimanoinmano.it\/magazine\/wp-content\/uploads\/2023\/03\/logo_fineart.png","width":892,"height":115,"caption":"FineArt Magazine"},"image":{"@id":"https:\/\/fineart.dimanoinmano.it\/magazine\/#\/schema\/logo\/image\/"}},{"@type":"Person","@id":"https:\/\/fineart.dimanoinmano.it\/magazine\/#\/schema\/person\/1d7dcf6ebd921f9994302c6cf77bc089","name":"FineArt","image":{"@type":"ImageObject","inLanguage":"it-IT","@id":"https:\/\/fineart.dimanoinmano.it\/magazine\/#\/schema\/person\/image\/","url":"https:\/\/secure.gravatar.com\/avatar\/99156fafcef61e51efc39bfd57ce0995a619a700c1761355b53b71090b5b665b?s=96&d=https%3A%2F%2Ffineart.dimanoinmano.it%2Fmagazine%2Fwp-content%2Fuploads%2F2023%2F03%2Fgravatar_fineart.png&r=g","contentUrl":"https:\/\/secure.gravatar.com\/avatar\/99156fafcef61e51efc39bfd57ce0995a619a700c1761355b53b71090b5b665b?s=96&d=https%3A%2F%2Ffineart.dimanoinmano.it%2Fmagazine%2Fwp-content%2Fuploads%2F2023%2F03%2Fgravatar_fineart.png&r=g","caption":"FineArt"},"description":"FineArt \u00e8 il progetto Di Mano in Mano che propone una selezione esclusiva di opere di antiquariato e design, presentandole per la loro singolarit\u00e0 e unicit\u00e0.","sameAs":["https:\/\/fineart.dimanoinmano.it\/magazine"],"url":"https:\/\/fineart.dimanoinmano.it\/magazine\/author\/fineartuk_magazine\/"}]}},"_links":{"self":[{"href":"https:\/\/fineart.dimanoinmano.it\/magazine\/wp-json\/wp\/v2\/posts\/2077","targetHints":{"allow":["GET"]}}],"collection":[{"href":"https:\/\/fineart.dimanoinmano.it\/magazine\/wp-json\/wp\/v2\/posts"}],"about":[{"href":"https:\/\/fineart.dimanoinmano.it\/magazine\/wp-json\/wp\/v2\/types\/post"}],"author":[{"embeddable":true,"href":"https:\/\/fineart.dimanoinmano.it\/magazine\/wp-json\/wp\/v2\/users\/1"}],"replies":[{"embeddable":true,"href":"https:\/\/fineart.dimanoinmano.it\/magazine\/wp-json\/wp\/v2\/comments?post=2077"}],"version-history":[{"count":6,"href":"https:\/\/fineart.dimanoinmano.it\/magazine\/wp-json\/wp\/v2\/posts\/2077\/revisions"}],"predecessor-version":[{"id":2218,"href":"https:\/\/fineart.dimanoinmano.it\/magazine\/wp-json\/wp\/v2\/posts\/2077\/revisions\/2218"}],"wp:featuredmedia":[{"embeddable":true,"href":"https:\/\/fineart.dimanoinmano.it\/magazine\/wp-json\/wp\/v2\/media\/2081"}],"wp:attachment":[{"href":"https:\/\/fineart.dimanoinmano.it\/magazine\/wp-json\/wp\/v2\/media?parent=2077"}],"wp:term":[{"taxonomy":"category","embeddable":true,"href":"https:\/\/fineart.dimanoinmano.it\/magazine\/wp-json\/wp\/v2\/categories?post=2077"},{"taxonomy":"post_tag","embeddable":true,"href":"https:\/\/fineart.dimanoinmano.it\/magazine\/wp-json\/wp\/v2\/tags?post=2077"}],"curies":[{"name":"wp","href":"https:\/\/api.w.org\/{rel}","templated":true}]}}