{"id":1849,"date":"2023-03-24T09:45:33","date_gmt":"2023-03-24T08:45:33","guid":{"rendered":"https:\/\/fineart.dimanoinmano.it\/magazine\/?p=1849"},"modified":"2023-05-17T16:14:27","modified_gmt":"2023-05-17T14:14:27","slug":"la-conservazione-del-legno-i-raggi-uv-e-lalterazione-del-colore","status":"publish","type":"post","link":"https:\/\/fineart.dimanoinmano.it\/magazine\/la-conservazione-del-legno-i-raggi-uv-e-lalterazione-del-colore\/","title":{"rendered":"La conservazione del legno: i raggi UV e l\u2019alterazione del colore"},"content":{"rendered":"\n<div class=\"wp-block-columns is-layout-flex wp-container-core-columns-is-layout-9d6595d7 wp-block-columns-is-layout-flex\">\n<div class=\"wp-block-column is-layout-flow wp-block-column-is-layout-flow\">\n<h5 class=\"wp-block-heading\">Il legno \u00e8 uno dei materiali pi\u00f9 sperimentati e, nonostante sia di origine organica, con le sue propriet\u00e0 sfida i secoli e i millenni.<\/h5>\n\n\n\n<p>Quando si parla di legno per\u00f2 bisogna considerare l\u2019estrema variet\u00e0 dei suoi comportamenti. Basti pensare alle differenze spesso notevolissime che intercorrono tra le&nbsp;<strong>caratteristiche fisiche e meccaniche<\/strong>&nbsp;non solo di due specie diverse, ma anche alle differenze all\u2019interno di una stessa categoria.<\/p>\n<\/div>\n\n\n\n<div class=\"wp-block-column is-layout-flow wp-block-column-is-layout-flow\">\n<p> Si consideri ad esempio la differente lavorabilit\u00e0 tra due sezioni di uno stesso albero, o la diversa stabilit\u00e0 di fronte a cause e agenti di degrado tra&nbsp;<strong>l\u2019alburno e il durame<\/strong>.<\/p>\n\n\n\n<p>Soffermiamoci ad esempio sulle alterazioni che manufatti di&nbsp;<strong>specie legnose differenti<\/strong>&nbsp;possono presentare come conseguenza all\u2019esposizione ai raggi ultravioletti.<\/p>\n<\/div>\n<\/div>\n\n\n\n<div class=\"wp-block-columns is-layout-flex wp-container-core-columns-is-layout-9d6595d7 wp-block-columns-is-layout-flex\">\n<div class=\"wp-block-column is-layout-flow wp-block-column-is-layout-flow\">\n<figure class=\"wp-block-image size-full\"><img loading=\"lazy\" decoding=\"async\" width=\"1024\" height=\"1024\" src=\"https:\/\/fineart.dimanoinmano.it\/magazine\/wp-content\/uploads\/2023\/04\/IMG_0004_2-quadrata-1024x1024-1.webp\" alt=\"\" class=\"wp-image-1851\"\/><\/figure>\n<\/div>\n\n\n\n<div class=\"wp-block-column is-layout-flow wp-block-column-is-layout-flow\">\n<figure class=\"wp-block-image size-full\"><img loading=\"lazy\" decoding=\"async\" width=\"1024\" height=\"1024\" src=\"https:\/\/fineart.dimanoinmano.it\/magazine\/wp-content\/uploads\/2023\/04\/IMG_0006_1-quadrata-1024x1024-1.webp\" alt=\"\" class=\"wp-image-1852\"\/><\/figure>\n<\/div>\n<\/div>\n\n\n\n<div class=\"wp-block-columns is-layout-flex wp-container-core-columns-is-layout-9d6595d7 wp-block-columns-is-layout-flex\">\n<div class=\"wp-block-column is-layout-flow wp-block-column-is-layout-flow\">\n<p>Col tempo il legno pu\u00f2 andare incontro ad un processo di invecchiamento dovuto all\u2019esposizione alla luce. Tanto pi\u00f9 diretto e massivo \u00e8&nbsp;<strong>l\u2019assorbimento dei raggi UV<\/strong>, tanto pi\u00f9 saranno evidenti le alterazioni del colore. Ci\u00f2 che accade durante l\u2019esposizione alla luce, \u00e8 che gli UV provocano un effetto fotocatalitico diventando degli attivatori del processo di ossidazione con conseguente decomposizione della lignina ed eventuali estrattivi (resine, tannini etc.).<\/p>\n\n\n\n<p>Dipendentemente dal tipo di legno si hanno come conseguenza due tipologie di alterazione differenti: per i&nbsp;<strong>legni chiari<\/strong>&nbsp;(come il pioppo, salice, abete, betulla, pino, tiglio e l\u2019alburno del larice) si ha un ingiallimento che vira poi al giallo-bruno; mentre per i&nbsp;<strong>legni scuri<\/strong>&nbsp;o per il&nbsp;<strong>legno di durame scuro<\/strong>&nbsp;(come il noce, olmo, tasso, quercia, ebano, palissandro, durame di pino e larice, teak) si ha invece una decolorazione, e successivamente, sia per i legni chiari che per quelli scuri, la tendenza ad assumere una colorazione grigiastra uniforme.<\/p>\n<\/div>\n\n\n\n<div class=\"wp-block-column is-layout-flow wp-block-column-is-layout-flow\">\n<p>Ovviamente questo fenomeno di&nbsp;<strong>alterazione del colore naturale<\/strong>&nbsp;si ha prevalentemente quando il manufatto \u00e8 collocato all\u2019esterno in siti luminosi, ma pu\u00f2 verificarsi anche in ambienti interni, se il manufatto non \u00e8 correttamente esposto.<\/p>\n\n\n\n<p>E\u2019 quindi importante ribadire che il legno \u00e8 davvero un&nbsp;<strong>materiale straordinario<\/strong>, con una composizione e delle caratteristiche che permettono la sua \u2013 estremamente lunga \u2013 durabilit\u00e0. Questo \u00e8 per\u00f2 vero se vengono mantenute condizioni igieniche idonee per il legno stesso, se l\u2019ambiente e gli stress termici sono monitorati e gestiti correttamente. In queste condizioni allora s\u00ec che il legno pu\u00f2 davvero sfidare secoli e millenni.<\/p>\n\n\n\n<p><strong>Puoi trovare l\u2019articolo completo su&nbsp;<\/strong><em><a href=\"https:\/\/www.keepartforever.com\/index.php\/it\/magazine\/26-la-conservazione-del-legno-i-raggi-uv-e-l-alterazione-del-colore\" target=\"_blank\" rel=\"noreferrer noopener\">keepartforever.com<\/a><\/em><\/p>\n<\/div>\n<\/div>\n\n\n\n<figure class=\"wp-block-embed aligncenter is-type-video is-provider-youtube wp-block-embed-youtube wp-embed-aspect-16-9 wp-has-aspect-ratio\"><div class=\"wp-block-embed__wrapper\">\n<iframe loading=\"lazy\" title=\"COME CONSERVARE STATUE in LEGNO e TERRACOTTA - KEEP ARTE FOR\u018e!VER con Eda Murti\u0107 e Sonia Spiniello\" width=\"1080\" height=\"608\" src=\"https:\/\/www.youtube.com\/embed\/Mqx7MCzg8mU?feature=oembed\" frameborder=\"0\" allow=\"accelerometer; autoplay; clipboard-write; encrypted-media; gyroscope; picture-in-picture; web-share\" allowfullscreen><\/iframe>\n<\/div><\/figure>\n","protected":false},"excerpt":{"rendered":"<p>Il legno \u00e8 uno dei materiali pi\u00f9 sperimentati e, nonostante sia di origine organica, con le sue propriet\u00e0 sfida i secoli e i millenni. Quando si parla di legno per\u00f2 bisogna considerare l\u2019estrema variet\u00e0 dei suoi comportamenti. Basti pensare alle differenze spesso notevolissime che intercorrono tra le&nbsp;caratteristiche fisiche e meccaniche&nbsp;non solo di due specie diverse, [&hellip;]<\/p>\n","protected":false},"author":4,"featured_media":1857,"comment_status":"closed","ping_status":"closed","sticky":false,"template":"","format":"standard","meta":{"_acf_changed":false,"footnotes":""},"categories":[4],"tags":[],"class_list":["post-1849","post","type-post","status-publish","format-standard","has-post-thumbnail","hentry","category-lavorazioni-e-tecniche"],"acf":[],"yoast_head":"<!-- This site is optimized with the Yoast SEO plugin v23.1 - https:\/\/yoast.com\/wordpress\/plugins\/seo\/ -->\n<title>La conservazione del legno: i raggi UV e l\u2019alterazione del colore - FineArt Magazine<\/title>\n<meta name=\"description\" content=\"Il legno \u00e8 uno dei materiali pi\u00f9 sperimentati e, nonostante sia di origine organica, con le sue propriet\u00e0 sfida i secoli e i millenni.\" \/>\n<meta name=\"robots\" content=\"index, follow, max-snippet:-1, max-image-preview:large, max-video-preview:-1\" \/>\n<link rel=\"canonical\" href=\"https:\/\/fineart.dimanoinmano.it\/magazine\/la-conservazione-del-legno-i-raggi-uv-e-lalterazione-del-colore\/\" \/>\n<meta property=\"og:locale\" content=\"it_IT\" \/>\n<meta property=\"og:type\" content=\"article\" \/>\n<meta property=\"og:title\" content=\"La conservazione del legno: i raggi UV e l\u2019alterazione del colore - FineArt Magazine\" \/>\n<meta property=\"og:description\" content=\"Il legno \u00e8 uno dei materiali pi\u00f9 sperimentati e, nonostante sia di origine organica, con le sue propriet\u00e0 sfida i secoli e i millenni.\" \/>\n<meta property=\"og:url\" content=\"https:\/\/fineart.dimanoinmano.it\/magazine\/la-conservazione-del-legno-i-raggi-uv-e-lalterazione-del-colore\/\" \/>\n<meta property=\"og:site_name\" content=\"FineArt Magazine\" \/>\n<meta property=\"article:published_time\" content=\"2023-03-24T08:45:33+00:00\" \/>\n<meta property=\"article:modified_time\" content=\"2023-05-17T14:14:27+00:00\" \/>\n<meta property=\"og:image\" content=\"https:\/\/fineart.dimanoinmano.it\/magazine\/wp-content\/uploads\/2023\/03\/IMG_0004_2-quadrata-1024x1024-1.jpg\" \/>\n\t<meta property=\"og:image:width\" content=\"670\" \/>\n\t<meta property=\"og:image:height\" content=\"900\" \/>\n\t<meta property=\"og:image:type\" content=\"image\/jpeg\" \/>\n<meta name=\"author\" content=\"Eda Murtic Art Care Expert\" \/>\n<meta name=\"twitter:card\" content=\"summary_large_image\" \/>\n<meta name=\"twitter:label1\" content=\"Scritto da\" \/>\n\t<meta name=\"twitter:data1\" content=\"Eda Murtic Art Care Expert\" \/>\n\t<meta name=\"twitter:label2\" content=\"Tempo di lettura stimato\" \/>\n\t<meta name=\"twitter:data2\" content=\"3 minuti\" \/>\n<script type=\"application\/ld+json\" class=\"yoast-schema-graph\">{\"@context\":\"https:\/\/schema.org\",\"@graph\":[{\"@type\":\"Article\",\"@id\":\"https:\/\/fineart.dimanoinmano.it\/magazine\/la-conservazione-del-legno-i-raggi-uv-e-lalterazione-del-colore\/#article\",\"isPartOf\":{\"@id\":\"https:\/\/fineart.dimanoinmano.it\/magazine\/la-conservazione-del-legno-i-raggi-uv-e-lalterazione-del-colore\/\"},\"author\":{\"name\":\"Eda Murtic Art Care Expert\",\"@id\":\"https:\/\/fineart.dimanoinmano.it\/magazine\/#\/schema\/person\/8b1fb9242f3265338784819381edcde6\"},\"headline\":\"La conservazione del legno: i raggi UV e l\u2019alterazione del colore\",\"datePublished\":\"2023-03-24T08:45:33+00:00\",\"dateModified\":\"2023-05-17T14:14:27+00:00\",\"mainEntityOfPage\":{\"@id\":\"https:\/\/fineart.dimanoinmano.it\/magazine\/la-conservazione-del-legno-i-raggi-uv-e-lalterazione-del-colore\/\"},\"wordCount\":447,\"publisher\":{\"@id\":\"https:\/\/fineart.dimanoinmano.it\/magazine\/#organization\"},\"image\":{\"@id\":\"https:\/\/fineart.dimanoinmano.it\/magazine\/la-conservazione-del-legno-i-raggi-uv-e-lalterazione-del-colore\/#primaryimage\"},\"thumbnailUrl\":\"https:\/\/fineart.dimanoinmano.it\/magazine\/wp-content\/uploads\/2023\/03\/IMG_0004_2-quadrata-1024x1024-1.jpg\",\"articleSection\":[\"Lavorazioni e Tecniche\"],\"inLanguage\":\"it-IT\"},{\"@type\":\"WebPage\",\"@id\":\"https:\/\/fineart.dimanoinmano.it\/magazine\/la-conservazione-del-legno-i-raggi-uv-e-lalterazione-del-colore\/\",\"url\":\"https:\/\/fineart.dimanoinmano.it\/magazine\/la-conservazione-del-legno-i-raggi-uv-e-lalterazione-del-colore\/\",\"name\":\"La conservazione del legno: i raggi UV e l\u2019alterazione del colore - FineArt Magazine\",\"isPartOf\":{\"@id\":\"https:\/\/fineart.dimanoinmano.it\/magazine\/#website\"},\"primaryImageOfPage\":{\"@id\":\"https:\/\/fineart.dimanoinmano.it\/magazine\/la-conservazione-del-legno-i-raggi-uv-e-lalterazione-del-colore\/#primaryimage\"},\"image\":{\"@id\":\"https:\/\/fineart.dimanoinmano.it\/magazine\/la-conservazione-del-legno-i-raggi-uv-e-lalterazione-del-colore\/#primaryimage\"},\"thumbnailUrl\":\"https:\/\/fineart.dimanoinmano.it\/magazine\/wp-content\/uploads\/2023\/03\/IMG_0004_2-quadrata-1024x1024-1.jpg\",\"datePublished\":\"2023-03-24T08:45:33+00:00\",\"dateModified\":\"2023-05-17T14:14:27+00:00\",\"description\":\"Il legno \u00e8 uno dei materiali pi\u00f9 sperimentati e, nonostante sia di origine organica, con le sue propriet\u00e0 sfida i secoli e i millenni.\",\"breadcrumb\":{\"@id\":\"https:\/\/fineart.dimanoinmano.it\/magazine\/la-conservazione-del-legno-i-raggi-uv-e-lalterazione-del-colore\/#breadcrumb\"},\"inLanguage\":\"it-IT\",\"potentialAction\":[{\"@type\":\"ReadAction\",\"target\":[\"https:\/\/fineart.dimanoinmano.it\/magazine\/la-conservazione-del-legno-i-raggi-uv-e-lalterazione-del-colore\/\"]}]},{\"@type\":\"ImageObject\",\"inLanguage\":\"it-IT\",\"@id\":\"https:\/\/fineart.dimanoinmano.it\/magazine\/la-conservazione-del-legno-i-raggi-uv-e-lalterazione-del-colore\/#primaryimage\",\"url\":\"https:\/\/fineart.dimanoinmano.it\/magazine\/wp-content\/uploads\/2023\/03\/IMG_0004_2-quadrata-1024x1024-1.jpg\",\"contentUrl\":\"https:\/\/fineart.dimanoinmano.it\/magazine\/wp-content\/uploads\/2023\/03\/IMG_0004_2-quadrata-1024x1024-1.jpg\",\"width\":670,\"height\":900},{\"@type\":\"BreadcrumbList\",\"@id\":\"https:\/\/fineart.dimanoinmano.it\/magazine\/la-conservazione-del-legno-i-raggi-uv-e-lalterazione-del-colore\/#breadcrumb\",\"itemListElement\":[{\"@type\":\"ListItem\",\"position\":1,\"name\":\"Home\",\"item\":\"https:\/\/fineart.dimanoinmano.it\/magazine\/\"},{\"@type\":\"ListItem\",\"position\":2,\"name\":\"La conservazione del legno: i raggi UV e l\u2019alterazione del colore\"}]},{\"@type\":\"WebSite\",\"@id\":\"https:\/\/fineart.dimanoinmano.it\/magazine\/#website\",\"url\":\"https:\/\/fineart.dimanoinmano.it\/magazine\/\",\"name\":\"FineArt Magazine\",\"description\":\"\",\"publisher\":{\"@id\":\"https:\/\/fineart.dimanoinmano.it\/magazine\/#organization\"},\"potentialAction\":[{\"@type\":\"SearchAction\",\"target\":{\"@type\":\"EntryPoint\",\"urlTemplate\":\"https:\/\/fineart.dimanoinmano.it\/magazine\/?s={search_term_string}\"},\"query-input\":\"required name=search_term_string\"}],\"inLanguage\":\"it-IT\"},{\"@type\":\"Organization\",\"@id\":\"https:\/\/fineart.dimanoinmano.it\/magazine\/#organization\",\"name\":\"FineArt Magazine\",\"url\":\"https:\/\/fineart.dimanoinmano.it\/magazine\/\",\"logo\":{\"@type\":\"ImageObject\",\"inLanguage\":\"it-IT\",\"@id\":\"https:\/\/fineart.dimanoinmano.it\/magazine\/#\/schema\/logo\/image\/\",\"url\":\"https:\/\/fineart.dimanoinmano.it\/magazine\/wp-content\/uploads\/2023\/03\/logo_fineart.png\",\"contentUrl\":\"https:\/\/fineart.dimanoinmano.it\/magazine\/wp-content\/uploads\/2023\/03\/logo_fineart.png\",\"width\":892,\"height\":115,\"caption\":\"FineArt Magazine\"},\"image\":{\"@id\":\"https:\/\/fineart.dimanoinmano.it\/magazine\/#\/schema\/logo\/image\/\"}},{\"@type\":\"Person\",\"@id\":\"https:\/\/fineart.dimanoinmano.it\/magazine\/#\/schema\/person\/8b1fb9242f3265338784819381edcde6\",\"name\":\"Eda Murtic Art Care Expert\",\"image\":{\"@type\":\"ImageObject\",\"inLanguage\":\"it-IT\",\"@id\":\"https:\/\/fineart.dimanoinmano.it\/magazine\/#\/schema\/person\/image\/\",\"url\":\"https:\/\/fineart.dimanoinmano.it\/magazine\/wp-content\/uploads\/2023\/05\/Eda-Murtic-Keep-Art-Forever-150x150.jpg\",\"contentUrl\":\"https:\/\/fineart.dimanoinmano.it\/magazine\/wp-content\/uploads\/2023\/05\/Eda-Murtic-Keep-Art-Forever-150x150.jpg\",\"caption\":\"Eda Murtic Art Care Expert\"},\"description\":\"Eda Murti\u0107 \u00e8 conservation scientist, art care expert e fondatrice dell\u2019azienda Keep Art Forever. Da sempre appassionata di arte e scienza, si laurea con un lavoro di tesi presso il laboratorio Microchemistry and Microscopy Art Diagnostic Laboratory (M2ADL) dell\u2019Universit\u00e0 di Bologna-Campus Ravenna. Il lavoro le varr\u00e0 il terzo posto per il premio \u201cLa diagnostica al servizio del restauro e della conservazione\u201d rilasciato dall\u2019Associazione ANEDbc, e la pubblicazione sul numero 121 della rivista Kermes. Nel 2019 vince il bando per Startup indetto dal Comune di Ravenna e da FEEM, con il progetto Airitage. Dar\u00e0 poi vita ad un metodo innovativo di approcciarsi alla cura di collezioni e beni artistici attraverso l\u2019investigazione dell\u2019ambiente. Crea il marchio Keep Art Forever e nel 2021 la Kafe S.r.l., azienda specializzata in servizi per la conservazione preventiva. Scopri Keep Art Forev\u018e!r\",\"url\":\"https:\/\/fineart.dimanoinmano.it\/magazine\/author\/eda-murtic-art-care-expert\/\"}]}<\/script>\n<!-- \/ Yoast SEO plugin. -->","yoast_head_json":{"title":"La conservazione del legno: i raggi UV e l\u2019alterazione del colore - FineArt Magazine","description":"Il legno \u00e8 uno dei materiali pi\u00f9 sperimentati e, nonostante sia di origine organica, con le sue propriet\u00e0 sfida i secoli e i millenni.","robots":{"index":"index","follow":"follow","max-snippet":"max-snippet:-1","max-image-preview":"max-image-preview:large","max-video-preview":"max-video-preview:-1"},"canonical":"https:\/\/fineart.dimanoinmano.it\/magazine\/la-conservazione-del-legno-i-raggi-uv-e-lalterazione-del-colore\/","og_locale":"it_IT","og_type":"article","og_title":"La conservazione del legno: i raggi UV e l\u2019alterazione del colore - FineArt Magazine","og_description":"Il legno \u00e8 uno dei materiali pi\u00f9 sperimentati e, nonostante sia di origine organica, con le sue propriet\u00e0 sfida i secoli e i millenni.","og_url":"https:\/\/fineart.dimanoinmano.it\/magazine\/la-conservazione-del-legno-i-raggi-uv-e-lalterazione-del-colore\/","og_site_name":"FineArt Magazine","article_published_time":"2023-03-24T08:45:33+00:00","article_modified_time":"2023-05-17T14:14:27+00:00","og_image":[{"width":670,"height":900,"url":"https:\/\/fineart.dimanoinmano.it\/magazine\/wp-content\/uploads\/2023\/03\/IMG_0004_2-quadrata-1024x1024-1.jpg","type":"image\/jpeg"}],"author":"Eda Murtic Art Care Expert","twitter_card":"summary_large_image","twitter_misc":{"Scritto da":"Eda Murtic Art Care Expert","Tempo di lettura stimato":"3 minuti"},"schema":{"@context":"https:\/\/schema.org","@graph":[{"@type":"Article","@id":"https:\/\/fineart.dimanoinmano.it\/magazine\/la-conservazione-del-legno-i-raggi-uv-e-lalterazione-del-colore\/#article","isPartOf":{"@id":"https:\/\/fineart.dimanoinmano.it\/magazine\/la-conservazione-del-legno-i-raggi-uv-e-lalterazione-del-colore\/"},"author":{"name":"Eda Murtic Art Care Expert","@id":"https:\/\/fineart.dimanoinmano.it\/magazine\/#\/schema\/person\/8b1fb9242f3265338784819381edcde6"},"headline":"La conservazione del legno: i raggi UV e l\u2019alterazione del colore","datePublished":"2023-03-24T08:45:33+00:00","dateModified":"2023-05-17T14:14:27+00:00","mainEntityOfPage":{"@id":"https:\/\/fineart.dimanoinmano.it\/magazine\/la-conservazione-del-legno-i-raggi-uv-e-lalterazione-del-colore\/"},"wordCount":447,"publisher":{"@id":"https:\/\/fineart.dimanoinmano.it\/magazine\/#organization"},"image":{"@id":"https:\/\/fineart.dimanoinmano.it\/magazine\/la-conservazione-del-legno-i-raggi-uv-e-lalterazione-del-colore\/#primaryimage"},"thumbnailUrl":"https:\/\/fineart.dimanoinmano.it\/magazine\/wp-content\/uploads\/2023\/03\/IMG_0004_2-quadrata-1024x1024-1.jpg","articleSection":["Lavorazioni e Tecniche"],"inLanguage":"it-IT"},{"@type":"WebPage","@id":"https:\/\/fineart.dimanoinmano.it\/magazine\/la-conservazione-del-legno-i-raggi-uv-e-lalterazione-del-colore\/","url":"https:\/\/fineart.dimanoinmano.it\/magazine\/la-conservazione-del-legno-i-raggi-uv-e-lalterazione-del-colore\/","name":"La conservazione del legno: i raggi UV e l\u2019alterazione del colore - FineArt Magazine","isPartOf":{"@id":"https:\/\/fineart.dimanoinmano.it\/magazine\/#website"},"primaryImageOfPage":{"@id":"https:\/\/fineart.dimanoinmano.it\/magazine\/la-conservazione-del-legno-i-raggi-uv-e-lalterazione-del-colore\/#primaryimage"},"image":{"@id":"https:\/\/fineart.dimanoinmano.it\/magazine\/la-conservazione-del-legno-i-raggi-uv-e-lalterazione-del-colore\/#primaryimage"},"thumbnailUrl":"https:\/\/fineart.dimanoinmano.it\/magazine\/wp-content\/uploads\/2023\/03\/IMG_0004_2-quadrata-1024x1024-1.jpg","datePublished":"2023-03-24T08:45:33+00:00","dateModified":"2023-05-17T14:14:27+00:00","description":"Il legno \u00e8 uno dei materiali pi\u00f9 sperimentati e, nonostante sia di origine organica, con le sue propriet\u00e0 sfida i secoli e i millenni.","breadcrumb":{"@id":"https:\/\/fineart.dimanoinmano.it\/magazine\/la-conservazione-del-legno-i-raggi-uv-e-lalterazione-del-colore\/#breadcrumb"},"inLanguage":"it-IT","potentialAction":[{"@type":"ReadAction","target":["https:\/\/fineart.dimanoinmano.it\/magazine\/la-conservazione-del-legno-i-raggi-uv-e-lalterazione-del-colore\/"]}]},{"@type":"ImageObject","inLanguage":"it-IT","@id":"https:\/\/fineart.dimanoinmano.it\/magazine\/la-conservazione-del-legno-i-raggi-uv-e-lalterazione-del-colore\/#primaryimage","url":"https:\/\/fineart.dimanoinmano.it\/magazine\/wp-content\/uploads\/2023\/03\/IMG_0004_2-quadrata-1024x1024-1.jpg","contentUrl":"https:\/\/fineart.dimanoinmano.it\/magazine\/wp-content\/uploads\/2023\/03\/IMG_0004_2-quadrata-1024x1024-1.jpg","width":670,"height":900},{"@type":"BreadcrumbList","@id":"https:\/\/fineart.dimanoinmano.it\/magazine\/la-conservazione-del-legno-i-raggi-uv-e-lalterazione-del-colore\/#breadcrumb","itemListElement":[{"@type":"ListItem","position":1,"name":"Home","item":"https:\/\/fineart.dimanoinmano.it\/magazine\/"},{"@type":"ListItem","position":2,"name":"La conservazione del legno: i raggi UV e l\u2019alterazione del colore"}]},{"@type":"WebSite","@id":"https:\/\/fineart.dimanoinmano.it\/magazine\/#website","url":"https:\/\/fineart.dimanoinmano.it\/magazine\/","name":"FineArt Magazine","description":"","publisher":{"@id":"https:\/\/fineart.dimanoinmano.it\/magazine\/#organization"},"potentialAction":[{"@type":"SearchAction","target":{"@type":"EntryPoint","urlTemplate":"https:\/\/fineart.dimanoinmano.it\/magazine\/?s={search_term_string}"},"query-input":"required name=search_term_string"}],"inLanguage":"it-IT"},{"@type":"Organization","@id":"https:\/\/fineart.dimanoinmano.it\/magazine\/#organization","name":"FineArt Magazine","url":"https:\/\/fineart.dimanoinmano.it\/magazine\/","logo":{"@type":"ImageObject","inLanguage":"it-IT","@id":"https:\/\/fineart.dimanoinmano.it\/magazine\/#\/schema\/logo\/image\/","url":"https:\/\/fineart.dimanoinmano.it\/magazine\/wp-content\/uploads\/2023\/03\/logo_fineart.png","contentUrl":"https:\/\/fineart.dimanoinmano.it\/magazine\/wp-content\/uploads\/2023\/03\/logo_fineart.png","width":892,"height":115,"caption":"FineArt Magazine"},"image":{"@id":"https:\/\/fineart.dimanoinmano.it\/magazine\/#\/schema\/logo\/image\/"}},{"@type":"Person","@id":"https:\/\/fineart.dimanoinmano.it\/magazine\/#\/schema\/person\/8b1fb9242f3265338784819381edcde6","name":"Eda Murtic Art Care Expert","image":{"@type":"ImageObject","inLanguage":"it-IT","@id":"https:\/\/fineart.dimanoinmano.it\/magazine\/#\/schema\/person\/image\/","url":"https:\/\/fineart.dimanoinmano.it\/magazine\/wp-content\/uploads\/2023\/05\/Eda-Murtic-Keep-Art-Forever-150x150.jpg","contentUrl":"https:\/\/fineart.dimanoinmano.it\/magazine\/wp-content\/uploads\/2023\/05\/Eda-Murtic-Keep-Art-Forever-150x150.jpg","caption":"Eda Murtic Art Care Expert"},"description":"Eda Murti\u0107 \u00e8 conservation scientist, art care expert e fondatrice dell\u2019azienda Keep Art Forever. Da sempre appassionata di arte e scienza, si laurea con un lavoro di tesi presso il laboratorio Microchemistry and Microscopy Art Diagnostic Laboratory (M2ADL) dell\u2019Universit\u00e0 di Bologna-Campus Ravenna. Il lavoro le varr\u00e0 il terzo posto per il premio \u201cLa diagnostica al servizio del restauro e della conservazione\u201d rilasciato dall\u2019Associazione ANEDbc, e la pubblicazione sul numero 121 della rivista Kermes. Nel 2019 vince il bando per Startup indetto dal Comune di Ravenna e da FEEM, con il progetto Airitage. Dar\u00e0 poi vita ad un metodo innovativo di approcciarsi alla cura di collezioni e beni artistici attraverso l\u2019investigazione dell\u2019ambiente. Crea il marchio Keep Art Forever e nel 2021 la Kafe S.r.l., azienda specializzata in servizi per la conservazione preventiva. Scopri Keep Art Forev\u018e!r","url":"https:\/\/fineart.dimanoinmano.it\/magazine\/author\/eda-murtic-art-care-expert\/"}]}},"_links":{"self":[{"href":"https:\/\/fineart.dimanoinmano.it\/magazine\/wp-json\/wp\/v2\/posts\/1849","targetHints":{"allow":["GET"]}}],"collection":[{"href":"https:\/\/fineart.dimanoinmano.it\/magazine\/wp-json\/wp\/v2\/posts"}],"about":[{"href":"https:\/\/fineart.dimanoinmano.it\/magazine\/wp-json\/wp\/v2\/types\/post"}],"author":[{"embeddable":true,"href":"https:\/\/fineart.dimanoinmano.it\/magazine\/wp-json\/wp\/v2\/users\/4"}],"replies":[{"embeddable":true,"href":"https:\/\/fineart.dimanoinmano.it\/magazine\/wp-json\/wp\/v2\/comments?post=1849"}],"version-history":[{"count":4,"href":"https:\/\/fineart.dimanoinmano.it\/magazine\/wp-json\/wp\/v2\/posts\/1849\/revisions"}],"predecessor-version":[{"id":1859,"href":"https:\/\/fineart.dimanoinmano.it\/magazine\/wp-json\/wp\/v2\/posts\/1849\/revisions\/1859"}],"wp:featuredmedia":[{"embeddable":true,"href":"https:\/\/fineart.dimanoinmano.it\/magazine\/wp-json\/wp\/v2\/media\/1857"}],"wp:attachment":[{"href":"https:\/\/fineart.dimanoinmano.it\/magazine\/wp-json\/wp\/v2\/media?parent=1849"}],"wp:term":[{"taxonomy":"category","embeddable":true,"href":"https:\/\/fineart.dimanoinmano.it\/magazine\/wp-json\/wp\/v2\/categories?post=1849"},{"taxonomy":"post_tag","embeddable":true,"href":"https:\/\/fineart.dimanoinmano.it\/magazine\/wp-json\/wp\/v2\/tags?post=1849"}],"curies":[{"name":"wp","href":"https:\/\/api.w.org\/{rel}","templated":true}]}}