{"id":1655,"date":"2021-06-01T09:53:00","date_gmt":"2021-06-01T07:53:00","guid":{"rendered":"https:\/\/fineart.dimanoinmano.it\/magazine\/?p=1655"},"modified":"2023-05-17T15:55:34","modified_gmt":"2023-05-17T13:55:34","slug":"gli-apostoli-ritrovati","status":"publish","type":"post","link":"https:\/\/fineart.dimanoinmano.it\/magazine\/gli-apostoli-ritrovati\/","title":{"rendered":"Gli Apostoli ritrovati"},"content":{"rendered":"\n<div class=\"wp-block-columns is-layout-flex wp-container-core-columns-is-layout-9d6595d7 wp-block-columns-is-layout-flex\">\n<div class=\"wp-block-column is-layout-flow wp-block-column-is-layout-flow\">\n<h5 class=\"wp-block-heading\">Dal 22 dicembre 2020 e fino al 5 aprile 2021 il Castello del Buonconsiglio di Trento ospita la mostra \u201cGli Apostoli ritrovati. Capolavori dell\u2019antica residenza dei principi vescovi\u201d.<\/h5>\n\n\n\n<p>L\u2019esposizione, curata dallo storico dell\u2019arte Giuseppe Sava, offre l\u2019occasione per presentare al pubblico una coppia di bronzi raffiguranti i santi Paolo e Filippo, recentemente rientrati nelle collezioni alle quali appartenevano in origine.<\/p>\n<\/div>\n\n\n\n<div class=\"wp-block-column is-layout-flow wp-block-column-is-layout-flow\">\n<p>Il Museo Nazionale, che trova sede nel Castello dal 1924 e che dal 1973 appartiene alla Provincia autonoma di Trento, ha caratterizzato e caratterizza tutt\u2019oggi la propria attivit\u00e0 per una particolare propensione alla politica di acquisizione. Viene infatti posta attenzione al costante ampliamento delle collezioni, in un\u2019ottica di continuo studio e ricerca che accrescano la disponibilit\u00e0 del patrimonio fruibile e la sua conoscenza. Ancora maggior riguardo \u00e8 dunque rivolto all\u2019acquisizione di quel patrimonio che \u00e8 storicamente legato al Buonconsiglio, come nel caso della coppia di Apostoli.<\/p>\n<\/div>\n<\/div>\n\n\n\n<div class=\"wp-block-columns is-layout-flex wp-container-core-columns-is-layout-9d6595d7 wp-block-columns-is-layout-flex\">\n<div class=\"wp-block-column is-layout-flow wp-block-column-is-layout-flow\"><div class=\"wp-block-image\">\n<figure class=\"aligncenter size-large\"><img loading=\"lazy\" decoding=\"async\" width=\"1024\" height=\"1024\" src=\"https:\/\/fineart.dimanoinmano.it\/magazine\/wp-content\/uploads\/2023\/03\/ANTOGG0002356_4-1024x1024-1-1024x1024.jpg\" alt=\"\" class=\"wp-image-1659\" srcset=\"https:\/\/fineart.dimanoinmano.it\/magazine\/wp-content\/uploads\/2023\/03\/ANTOGG0002356_4-1024x1024-1.jpg 1024w, https:\/\/fineart.dimanoinmano.it\/magazine\/wp-content\/uploads\/2023\/03\/ANTOGG0002356_4-1024x1024-1-300x300.jpg 300w, https:\/\/fineart.dimanoinmano.it\/magazine\/wp-content\/uploads\/2023\/03\/ANTOGG0002356_4-1024x1024-1-150x150.jpg 150w, https:\/\/fineart.dimanoinmano.it\/magazine\/wp-content\/uploads\/2023\/03\/ANTOGG0002356_4-1024x1024-1-768x768.jpg 768w, https:\/\/fineart.dimanoinmano.it\/magazine\/wp-content\/uploads\/2023\/03\/ANTOGG0002356_4-1024x1024-1-60x60.jpg 60w\" sizes=\"auto, (max-width: 1024px) 100vw, 1024px\" \/><figcaption class=\"wp-element-caption\"><em>Statuetta di Bronzo<\/em><\/figcaption><\/figure>\n<\/div><\/div>\n\n\n\n<div class=\"wp-block-column is-layout-flow wp-block-column-is-layout-flow\"><div class=\"wp-block-image\">\n<figure class=\"aligncenter size-large\"><img loading=\"lazy\" decoding=\"async\" width=\"1024\" height=\"1024\" src=\"https:\/\/fineart.dimanoinmano.it\/magazine\/wp-content\/uploads\/2023\/03\/ANTOGG0002356_7-1024x1024-1-1024x1024.jpg\" alt=\"\" class=\"wp-image-1660\" srcset=\"https:\/\/fineart.dimanoinmano.it\/magazine\/wp-content\/uploads\/2023\/03\/ANTOGG0002356_7-1024x1024-1.jpg 1024w, https:\/\/fineart.dimanoinmano.it\/magazine\/wp-content\/uploads\/2023\/03\/ANTOGG0002356_7-1024x1024-1-300x300.jpg 300w, https:\/\/fineart.dimanoinmano.it\/magazine\/wp-content\/uploads\/2023\/03\/ANTOGG0002356_7-1024x1024-1-150x150.jpg 150w, https:\/\/fineart.dimanoinmano.it\/magazine\/wp-content\/uploads\/2023\/03\/ANTOGG0002356_7-1024x1024-1-768x768.jpg 768w, https:\/\/fineart.dimanoinmano.it\/magazine\/wp-content\/uploads\/2023\/03\/ANTOGG0002356_7-1024x1024-1-60x60.jpg 60w\" sizes=\"auto, (max-width: 1024px) 100vw, 1024px\" \/><figcaption class=\"wp-element-caption\"><em><em>Statuetta di Bronzo<\/em><\/em><\/figcaption><\/figure>\n<\/div><\/div>\n<\/div>\n\n\n\n<div class=\"wp-block-columns is-layout-flex wp-container-core-columns-is-layout-9d6595d7 wp-block-columns-is-layout-flex\">\n<div class=\"wp-block-column is-layout-flow wp-block-column-is-layout-flow\">\n<h5 class=\"wp-block-heading\">Questo ricongiungimento \u00e8 stato possibile grazie alla proficua collaborazione con Anticonline by Di Mano in Mano, presso la cui galleria Giuseppe Sava ha potuto visionare i due Apostoli, identificandoli grazie al confronto con una fotografia dei primi anni del Novecento, nella quale sono ritratte otto statuette bronzee, raffiguranti Cristo e sette dei suoi discepoli.<\/h5>\n\n\n\n<p>Quelli alle estremit\u00e0 sono, per l\u2019appunto, il san Paolo e il san Filippo ritrovati e oggetto della mostra. Questa importante documentazione fotografica ha reso possibile il riconoscimento, dando avvio agli studi e alle ricerche che ne hanno consentito la ricostruzione della provenienza, la fortuna critica e anche la presumibile attribuzione alla mano di Nicol\u00f2 e Sebastiano Roccataglia.<\/p>\n\n\n\n<p>La cessione della coppia di bronzi \u00e8 stata subito accolta, dalla direttrice del Museo Laura Dal Pr\u00e0, come un eccezionale ricongiungimento tra i manufatti e il luogo presso il quale furono conservati probabilmente almeno fino all\u2019inizio del XIX secolo<\/p>\n<\/div>\n\n\n\n<div class=\"wp-block-column is-layout-flow wp-block-column-is-layout-flow\">\n<p>Questo \u201crientro a casa\u201d \u00e8 stato anche occasione per accompagnare personalmente i due piccoli santi nella loro patria trentina, cogliendo l\u2019opportunit\u00e0 di visitare il grandioso complesso monumentale del Castello del Buonconsiglio e la vasta collezione che ospita. Caratteristica notevole \u00e8 la particolare attenzione e cura che \u00e8 dedicata al percorso espositivo e all\u2019allestimento delle numerose sale. Pregevole \u00e8 l\u2019attenzione alla valorizzazione della singola opera, senza mai disgiungerla dal proprio contesto di appartenenza, un vero e proprio fil rouge che lega tra loro tutti i manufatti che qui sono presentati con la storia dell\u2019ampliamento che nei secoli ha interessato il Castello.<\/p>\n\n\n\n<p>Grande considerazione \u00e8 dedicata anche alle forme artistiche definite \u201carti applicate\u201d, un tempo troppo spesso e impropriamente intese con un\u2019accezione quasi negativa, relegate in secondo piano rispetto alle opere scultoree e pittoriche, secondo una concezione oramai fortunatamente superata.<\/p>\n<\/div>\n<\/div>\n\n\n\n<figure class=\"wp-block-embed is-type-video is-provider-youtube wp-block-embed-youtube wp-embed-aspect-16-9 wp-has-aspect-ratio\"><div class=\"wp-block-embed__wrapper\">\n<iframe loading=\"lazy\" title=\"N.02 &quot;A tu per tu&quot; - Gli apostoli ritrovati - San Filippo e San Paolo --- Giuseppe Sava\" width=\"1080\" height=\"608\" src=\"https:\/\/www.youtube.com\/embed\/tXr-V95X9gQ?start=2&#038;feature=oembed\" frameborder=\"0\" allow=\"accelerometer; autoplay; clipboard-write; encrypted-media; gyroscope; picture-in-picture; web-share\" allowfullscreen><\/iframe>\n<\/div><\/figure>\n\n\n\n<div class=\"wp-block-columns is-layout-flex wp-container-core-columns-is-layout-9d6595d7 wp-block-columns-is-layout-flex\">\n<div class=\"wp-block-column is-layout-flow wp-block-column-is-layout-flow\">\n<h5 class=\"wp-block-heading\"><strong>I due Apostoli, appartenenti a questa tipologia, trovano dunque una pi\u00f9 che degna collocazione presso questa importante istituzione museale, non solo in quanto luogo d\u2019origine,&nbsp;<\/strong><\/h5>\n<\/div>\n\n\n\n<div class=\"wp-block-column is-layout-flow wp-block-column-is-layout-flow\">\n<h5 class=\"wp-block-heading\">ma anche per la grande cura che viene loro rivolta come beni culturali aventi testimonianza di civilt\u00e0.<\/h5>\n<\/div>\n<\/div>\n\n\n<div class=\"wp-block-image\">\n<figure class=\"aligncenter size-large\"><img loading=\"lazy\" decoding=\"async\" width=\"1024\" height=\"1024\" src=\"https:\/\/fineart.dimanoinmano.it\/magazine\/wp-content\/uploads\/2023\/03\/ANTOGG0002356_1-1024x1024-1-1024x1024.jpg\" alt=\"\" class=\"wp-image-1665\" srcset=\"https:\/\/fineart.dimanoinmano.it\/magazine\/wp-content\/uploads\/2023\/03\/ANTOGG0002356_1-1024x1024-1.jpg 1024w, https:\/\/fineart.dimanoinmano.it\/magazine\/wp-content\/uploads\/2023\/03\/ANTOGG0002356_1-1024x1024-1-300x300.jpg 300w, https:\/\/fineart.dimanoinmano.it\/magazine\/wp-content\/uploads\/2023\/03\/ANTOGG0002356_1-1024x1024-1-150x150.jpg 150w, https:\/\/fineart.dimanoinmano.it\/magazine\/wp-content\/uploads\/2023\/03\/ANTOGG0002356_1-1024x1024-1-768x768.jpg 768w, https:\/\/fineart.dimanoinmano.it\/magazine\/wp-content\/uploads\/2023\/03\/ANTOGG0002356_1-1024x1024-1-60x60.jpg 60w\" sizes=\"auto, (max-width: 1024px) 100vw, 1024px\" \/><figcaption class=\"wp-element-caption\"><em>Coppia di statuette di Bronzo<\/em><\/figcaption><\/figure>\n<\/div>","protected":false},"excerpt":{"rendered":"<p>Dal 22 dicembre 2020 e fino al 5 aprile 2021 il Castello del Buonconsiglio di Trento ospita la mostra \u201cGli Apostoli ritrovati. Capolavori dell\u2019antica residenza dei principi vescovi\u201d. L\u2019esposizione, curata dallo storico dell\u2019arte Giuseppe Sava, offre l\u2019occasione per presentare al pubblico una coppia di bronzi raffiguranti i santi Paolo e Filippo, recentemente rientrati nelle collezioni [&hellip;]<\/p>\n","protected":false},"author":2,"featured_media":1713,"comment_status":"closed","ping_status":"closed","sticky":false,"template":"","format":"standard","meta":{"_acf_changed":false,"footnotes":""},"categories":[3],"tags":[],"class_list":["post-1655","post","type-post","status-publish","format-standard","has-post-thumbnail","hentry","category-mostre-ed-eventi"],"acf":[],"yoast_head":"<!-- This site is optimized with the Yoast SEO plugin v23.1 - https:\/\/yoast.com\/wordpress\/plugins\/seo\/ -->\n<title>Gli Apostoli ritrovati - FineArt Magazine<\/title>\n<meta name=\"description\" content=\"Curata dallo storico dell&#039;arte Giuseppe Sava, offre l&#039;occasione di presentare una coppia di bronzi raffiguranti i Santi Paolo e Filippo.\" \/>\n<meta name=\"robots\" content=\"index, follow, max-snippet:-1, max-image-preview:large, max-video-preview:-1\" \/>\n<link rel=\"canonical\" href=\"https:\/\/fineart.dimanoinmano.it\/magazine\/gli-apostoli-ritrovati\/\" \/>\n<meta property=\"og:locale\" content=\"it_IT\" \/>\n<meta property=\"og:type\" content=\"article\" \/>\n<meta property=\"og:title\" content=\"Gli Apostoli ritrovati - FineArt Magazine\" \/>\n<meta property=\"og:description\" content=\"Curata dallo storico dell&#039;arte Giuseppe Sava, offre l&#039;occasione di presentare una coppia di bronzi raffiguranti i Santi Paolo e Filippo.\" \/>\n<meta property=\"og:url\" content=\"https:\/\/fineart.dimanoinmano.it\/magazine\/gli-apostoli-ritrovati\/\" \/>\n<meta property=\"og:site_name\" content=\"FineArt Magazine\" \/>\n<meta property=\"article:published_time\" content=\"2021-06-01T07:53:00+00:00\" \/>\n<meta property=\"article:modified_time\" content=\"2023-05-17T13:55:34+00:00\" \/>\n<meta property=\"og:image\" content=\"https:\/\/fineart.dimanoinmano.it\/magazine\/wp-content\/uploads\/2023\/03\/ANTOGG0002356_1-768x768-1.jpg\" \/>\n\t<meta property=\"og:image:width\" content=\"670\" \/>\n\t<meta property=\"og:image:height\" content=\"900\" \/>\n\t<meta property=\"og:image:type\" content=\"image\/jpeg\" \/>\n<meta name=\"author\" content=\"Valentina Simone\" \/>\n<meta name=\"twitter:card\" content=\"summary_large_image\" \/>\n<meta name=\"twitter:label1\" content=\"Scritto da\" \/>\n\t<meta name=\"twitter:data1\" content=\"Valentina Simone\" \/>\n\t<meta name=\"twitter:label2\" content=\"Tempo di lettura stimato\" \/>\n\t<meta name=\"twitter:data2\" content=\"4 minuti\" \/>\n<script type=\"application\/ld+json\" class=\"yoast-schema-graph\">{\"@context\":\"https:\/\/schema.org\",\"@graph\":[{\"@type\":\"Article\",\"@id\":\"https:\/\/fineart.dimanoinmano.it\/magazine\/gli-apostoli-ritrovati\/#article\",\"isPartOf\":{\"@id\":\"https:\/\/fineart.dimanoinmano.it\/magazine\/gli-apostoli-ritrovati\/\"},\"author\":{\"name\":\"Valentina Simone\",\"@id\":\"https:\/\/fineart.dimanoinmano.it\/magazine\/#\/schema\/person\/d3b41880d88182e4bafb6b2e2d6a81f4\"},\"headline\":\"Gli Apostoli ritrovati\",\"datePublished\":\"2021-06-01T07:53:00+00:00\",\"dateModified\":\"2023-05-17T13:55:34+00:00\",\"mainEntityOfPage\":{\"@id\":\"https:\/\/fineart.dimanoinmano.it\/magazine\/gli-apostoli-ritrovati\/\"},\"wordCount\":503,\"publisher\":{\"@id\":\"https:\/\/fineart.dimanoinmano.it\/magazine\/#organization\"},\"image\":{\"@id\":\"https:\/\/fineart.dimanoinmano.it\/magazine\/gli-apostoli-ritrovati\/#primaryimage\"},\"thumbnailUrl\":\"https:\/\/fineart.dimanoinmano.it\/magazine\/wp-content\/uploads\/2023\/03\/ANTOGG0002356_1-768x768-1.jpg\",\"articleSection\":[\"Mostre ed Eventi\"],\"inLanguage\":\"it-IT\"},{\"@type\":\"WebPage\",\"@id\":\"https:\/\/fineart.dimanoinmano.it\/magazine\/gli-apostoli-ritrovati\/\",\"url\":\"https:\/\/fineart.dimanoinmano.it\/magazine\/gli-apostoli-ritrovati\/\",\"name\":\"Gli Apostoli ritrovati - FineArt Magazine\",\"isPartOf\":{\"@id\":\"https:\/\/fineart.dimanoinmano.it\/magazine\/#website\"},\"primaryImageOfPage\":{\"@id\":\"https:\/\/fineart.dimanoinmano.it\/magazine\/gli-apostoli-ritrovati\/#primaryimage\"},\"image\":{\"@id\":\"https:\/\/fineart.dimanoinmano.it\/magazine\/gli-apostoli-ritrovati\/#primaryimage\"},\"thumbnailUrl\":\"https:\/\/fineart.dimanoinmano.it\/magazine\/wp-content\/uploads\/2023\/03\/ANTOGG0002356_1-768x768-1.jpg\",\"datePublished\":\"2021-06-01T07:53:00+00:00\",\"dateModified\":\"2023-05-17T13:55:34+00:00\",\"description\":\"Curata dallo storico dell'arte Giuseppe Sava, offre l'occasione di presentare una coppia di bronzi raffiguranti i Santi Paolo e Filippo.\",\"breadcrumb\":{\"@id\":\"https:\/\/fineart.dimanoinmano.it\/magazine\/gli-apostoli-ritrovati\/#breadcrumb\"},\"inLanguage\":\"it-IT\",\"potentialAction\":[{\"@type\":\"ReadAction\",\"target\":[\"https:\/\/fineart.dimanoinmano.it\/magazine\/gli-apostoli-ritrovati\/\"]}]},{\"@type\":\"ImageObject\",\"inLanguage\":\"it-IT\",\"@id\":\"https:\/\/fineart.dimanoinmano.it\/magazine\/gli-apostoli-ritrovati\/#primaryimage\",\"url\":\"https:\/\/fineart.dimanoinmano.it\/magazine\/wp-content\/uploads\/2023\/03\/ANTOGG0002356_1-768x768-1.jpg\",\"contentUrl\":\"https:\/\/fineart.dimanoinmano.it\/magazine\/wp-content\/uploads\/2023\/03\/ANTOGG0002356_1-768x768-1.jpg\",\"width\":670,\"height\":900},{\"@type\":\"BreadcrumbList\",\"@id\":\"https:\/\/fineart.dimanoinmano.it\/magazine\/gli-apostoli-ritrovati\/#breadcrumb\",\"itemListElement\":[{\"@type\":\"ListItem\",\"position\":1,\"name\":\"Home\",\"item\":\"https:\/\/fineart.dimanoinmano.it\/magazine\/\"},{\"@type\":\"ListItem\",\"position\":2,\"name\":\"Gli Apostoli ritrovati\"}]},{\"@type\":\"WebSite\",\"@id\":\"https:\/\/fineart.dimanoinmano.it\/magazine\/#website\",\"url\":\"https:\/\/fineart.dimanoinmano.it\/magazine\/\",\"name\":\"FineArt Magazine\",\"description\":\"\",\"publisher\":{\"@id\":\"https:\/\/fineart.dimanoinmano.it\/magazine\/#organization\"},\"potentialAction\":[{\"@type\":\"SearchAction\",\"target\":{\"@type\":\"EntryPoint\",\"urlTemplate\":\"https:\/\/fineart.dimanoinmano.it\/magazine\/?s={search_term_string}\"},\"query-input\":\"required name=search_term_string\"}],\"inLanguage\":\"it-IT\"},{\"@type\":\"Organization\",\"@id\":\"https:\/\/fineart.dimanoinmano.it\/magazine\/#organization\",\"name\":\"FineArt Magazine\",\"url\":\"https:\/\/fineart.dimanoinmano.it\/magazine\/\",\"logo\":{\"@type\":\"ImageObject\",\"inLanguage\":\"it-IT\",\"@id\":\"https:\/\/fineart.dimanoinmano.it\/magazine\/#\/schema\/logo\/image\/\",\"url\":\"https:\/\/fineart.dimanoinmano.it\/magazine\/wp-content\/uploads\/2023\/03\/logo_fineart.png\",\"contentUrl\":\"https:\/\/fineart.dimanoinmano.it\/magazine\/wp-content\/uploads\/2023\/03\/logo_fineart.png\",\"width\":892,\"height\":115,\"caption\":\"FineArt Magazine\"},\"image\":{\"@id\":\"https:\/\/fineart.dimanoinmano.it\/magazine\/#\/schema\/logo\/image\/\"}},{\"@type\":\"Person\",\"@id\":\"https:\/\/fineart.dimanoinmano.it\/magazine\/#\/schema\/person\/d3b41880d88182e4bafb6b2e2d6a81f4\",\"name\":\"Valentina Simone\",\"image\":{\"@type\":\"ImageObject\",\"inLanguage\":\"it-IT\",\"@id\":\"https:\/\/fineart.dimanoinmano.it\/magazine\/#\/schema\/person\/image\/\",\"url\":\"https:\/\/fineart.dimanoinmano.it\/magazine\/wp-content\/uploads\/2023\/05\/valentina_simone-150x150.jpg\",\"contentUrl\":\"https:\/\/fineart.dimanoinmano.it\/magazine\/wp-content\/uploads\/2023\/05\/valentina_simone-150x150.jpg\",\"caption\":\"Valentina Simone\"},\"description\":\"Storica dell'Arte, si \u00e8 specializzata in Beni Storico Artistici con una tesi sul fondo dei disegni dei fratelli Campi, conservati presso il Gabinetto dei Disegni e delle Stampe delle Gallerie degli Uffizi. Attiva in passato con diversi tirocini in istituti museali e istituzioni culturali, si \u00e8 occupata di inventariazione, catalogazione, conservazione e divulgazione, nonch\u00e9 didattica dei beni culturali. Dal 2019 \u00e8 presente presso l'azienda Di Mano in Mano, con attivit\u00e0 di ricerca, studio e redazione di articoli di approfondimento.\",\"url\":\"https:\/\/fineart.dimanoinmano.it\/magazine\/author\/valentina-simone\/\"}]}<\/script>\n<!-- \/ Yoast SEO plugin. -->","yoast_head_json":{"title":"Gli Apostoli ritrovati - FineArt Magazine","description":"Curata dallo storico dell'arte Giuseppe Sava, offre l'occasione di presentare una coppia di bronzi raffiguranti i Santi Paolo e Filippo.","robots":{"index":"index","follow":"follow","max-snippet":"max-snippet:-1","max-image-preview":"max-image-preview:large","max-video-preview":"max-video-preview:-1"},"canonical":"https:\/\/fineart.dimanoinmano.it\/magazine\/gli-apostoli-ritrovati\/","og_locale":"it_IT","og_type":"article","og_title":"Gli Apostoli ritrovati - FineArt Magazine","og_description":"Curata dallo storico dell'arte Giuseppe Sava, offre l'occasione di presentare una coppia di bronzi raffiguranti i Santi Paolo e Filippo.","og_url":"https:\/\/fineart.dimanoinmano.it\/magazine\/gli-apostoli-ritrovati\/","og_site_name":"FineArt Magazine","article_published_time":"2021-06-01T07:53:00+00:00","article_modified_time":"2023-05-17T13:55:34+00:00","og_image":[{"width":670,"height":900,"url":"https:\/\/fineart.dimanoinmano.it\/magazine\/wp-content\/uploads\/2023\/03\/ANTOGG0002356_1-768x768-1.jpg","type":"image\/jpeg"}],"author":"Valentina Simone","twitter_card":"summary_large_image","twitter_misc":{"Scritto da":"Valentina Simone","Tempo di lettura stimato":"4 minuti"},"schema":{"@context":"https:\/\/schema.org","@graph":[{"@type":"Article","@id":"https:\/\/fineart.dimanoinmano.it\/magazine\/gli-apostoli-ritrovati\/#article","isPartOf":{"@id":"https:\/\/fineart.dimanoinmano.it\/magazine\/gli-apostoli-ritrovati\/"},"author":{"name":"Valentina Simone","@id":"https:\/\/fineart.dimanoinmano.it\/magazine\/#\/schema\/person\/d3b41880d88182e4bafb6b2e2d6a81f4"},"headline":"Gli Apostoli ritrovati","datePublished":"2021-06-01T07:53:00+00:00","dateModified":"2023-05-17T13:55:34+00:00","mainEntityOfPage":{"@id":"https:\/\/fineart.dimanoinmano.it\/magazine\/gli-apostoli-ritrovati\/"},"wordCount":503,"publisher":{"@id":"https:\/\/fineart.dimanoinmano.it\/magazine\/#organization"},"image":{"@id":"https:\/\/fineart.dimanoinmano.it\/magazine\/gli-apostoli-ritrovati\/#primaryimage"},"thumbnailUrl":"https:\/\/fineart.dimanoinmano.it\/magazine\/wp-content\/uploads\/2023\/03\/ANTOGG0002356_1-768x768-1.jpg","articleSection":["Mostre ed Eventi"],"inLanguage":"it-IT"},{"@type":"WebPage","@id":"https:\/\/fineart.dimanoinmano.it\/magazine\/gli-apostoli-ritrovati\/","url":"https:\/\/fineart.dimanoinmano.it\/magazine\/gli-apostoli-ritrovati\/","name":"Gli Apostoli ritrovati - FineArt Magazine","isPartOf":{"@id":"https:\/\/fineart.dimanoinmano.it\/magazine\/#website"},"primaryImageOfPage":{"@id":"https:\/\/fineart.dimanoinmano.it\/magazine\/gli-apostoli-ritrovati\/#primaryimage"},"image":{"@id":"https:\/\/fineart.dimanoinmano.it\/magazine\/gli-apostoli-ritrovati\/#primaryimage"},"thumbnailUrl":"https:\/\/fineart.dimanoinmano.it\/magazine\/wp-content\/uploads\/2023\/03\/ANTOGG0002356_1-768x768-1.jpg","datePublished":"2021-06-01T07:53:00+00:00","dateModified":"2023-05-17T13:55:34+00:00","description":"Curata dallo storico dell'arte Giuseppe Sava, offre l'occasione di presentare una coppia di bronzi raffiguranti i Santi Paolo e Filippo.","breadcrumb":{"@id":"https:\/\/fineart.dimanoinmano.it\/magazine\/gli-apostoli-ritrovati\/#breadcrumb"},"inLanguage":"it-IT","potentialAction":[{"@type":"ReadAction","target":["https:\/\/fineart.dimanoinmano.it\/magazine\/gli-apostoli-ritrovati\/"]}]},{"@type":"ImageObject","inLanguage":"it-IT","@id":"https:\/\/fineart.dimanoinmano.it\/magazine\/gli-apostoli-ritrovati\/#primaryimage","url":"https:\/\/fineart.dimanoinmano.it\/magazine\/wp-content\/uploads\/2023\/03\/ANTOGG0002356_1-768x768-1.jpg","contentUrl":"https:\/\/fineart.dimanoinmano.it\/magazine\/wp-content\/uploads\/2023\/03\/ANTOGG0002356_1-768x768-1.jpg","width":670,"height":900},{"@type":"BreadcrumbList","@id":"https:\/\/fineart.dimanoinmano.it\/magazine\/gli-apostoli-ritrovati\/#breadcrumb","itemListElement":[{"@type":"ListItem","position":1,"name":"Home","item":"https:\/\/fineart.dimanoinmano.it\/magazine\/"},{"@type":"ListItem","position":2,"name":"Gli Apostoli ritrovati"}]},{"@type":"WebSite","@id":"https:\/\/fineart.dimanoinmano.it\/magazine\/#website","url":"https:\/\/fineart.dimanoinmano.it\/magazine\/","name":"FineArt Magazine","description":"","publisher":{"@id":"https:\/\/fineart.dimanoinmano.it\/magazine\/#organization"},"potentialAction":[{"@type":"SearchAction","target":{"@type":"EntryPoint","urlTemplate":"https:\/\/fineart.dimanoinmano.it\/magazine\/?s={search_term_string}"},"query-input":"required name=search_term_string"}],"inLanguage":"it-IT"},{"@type":"Organization","@id":"https:\/\/fineart.dimanoinmano.it\/magazine\/#organization","name":"FineArt Magazine","url":"https:\/\/fineart.dimanoinmano.it\/magazine\/","logo":{"@type":"ImageObject","inLanguage":"it-IT","@id":"https:\/\/fineart.dimanoinmano.it\/magazine\/#\/schema\/logo\/image\/","url":"https:\/\/fineart.dimanoinmano.it\/magazine\/wp-content\/uploads\/2023\/03\/logo_fineart.png","contentUrl":"https:\/\/fineart.dimanoinmano.it\/magazine\/wp-content\/uploads\/2023\/03\/logo_fineart.png","width":892,"height":115,"caption":"FineArt Magazine"},"image":{"@id":"https:\/\/fineart.dimanoinmano.it\/magazine\/#\/schema\/logo\/image\/"}},{"@type":"Person","@id":"https:\/\/fineart.dimanoinmano.it\/magazine\/#\/schema\/person\/d3b41880d88182e4bafb6b2e2d6a81f4","name":"Valentina Simone","image":{"@type":"ImageObject","inLanguage":"it-IT","@id":"https:\/\/fineart.dimanoinmano.it\/magazine\/#\/schema\/person\/image\/","url":"https:\/\/fineart.dimanoinmano.it\/magazine\/wp-content\/uploads\/2023\/05\/valentina_simone-150x150.jpg","contentUrl":"https:\/\/fineart.dimanoinmano.it\/magazine\/wp-content\/uploads\/2023\/05\/valentina_simone-150x150.jpg","caption":"Valentina Simone"},"description":"Storica dell'Arte, si \u00e8 specializzata in Beni Storico Artistici con una tesi sul fondo dei disegni dei fratelli Campi, conservati presso il Gabinetto dei Disegni e delle Stampe delle Gallerie degli Uffizi. Attiva in passato con diversi tirocini in istituti museali e istituzioni culturali, si \u00e8 occupata di inventariazione, catalogazione, conservazione e divulgazione, nonch\u00e9 didattica dei beni culturali. Dal 2019 \u00e8 presente presso l'azienda Di Mano in Mano, con attivit\u00e0 di ricerca, studio e redazione di articoli di approfondimento.","url":"https:\/\/fineart.dimanoinmano.it\/magazine\/author\/valentina-simone\/"}]}},"_links":{"self":[{"href":"https:\/\/fineart.dimanoinmano.it\/magazine\/wp-json\/wp\/v2\/posts\/1655","targetHints":{"allow":["GET"]}}],"collection":[{"href":"https:\/\/fineart.dimanoinmano.it\/magazine\/wp-json\/wp\/v2\/posts"}],"about":[{"href":"https:\/\/fineart.dimanoinmano.it\/magazine\/wp-json\/wp\/v2\/types\/post"}],"author":[{"embeddable":true,"href":"https:\/\/fineart.dimanoinmano.it\/magazine\/wp-json\/wp\/v2\/users\/2"}],"replies":[{"embeddable":true,"href":"https:\/\/fineart.dimanoinmano.it\/magazine\/wp-json\/wp\/v2\/comments?post=1655"}],"version-history":[{"count":9,"href":"https:\/\/fineart.dimanoinmano.it\/magazine\/wp-json\/wp\/v2\/posts\/1655\/revisions"}],"predecessor-version":[{"id":1773,"href":"https:\/\/fineart.dimanoinmano.it\/magazine\/wp-json\/wp\/v2\/posts\/1655\/revisions\/1773"}],"wp:featuredmedia":[{"embeddable":true,"href":"https:\/\/fineart.dimanoinmano.it\/magazine\/wp-json\/wp\/v2\/media\/1713"}],"wp:attachment":[{"href":"https:\/\/fineart.dimanoinmano.it\/magazine\/wp-json\/wp\/v2\/media?parent=1655"}],"wp:term":[{"taxonomy":"category","embeddable":true,"href":"https:\/\/fineart.dimanoinmano.it\/magazine\/wp-json\/wp\/v2\/categories?post=1655"},{"taxonomy":"post_tag","embeddable":true,"href":"https:\/\/fineart.dimanoinmano.it\/magazine\/wp-json\/wp\/v2\/tags?post=1655"}],"curies":[{"name":"wp","href":"https:\/\/api.w.org\/{rel}","templated":true}]}}