{"id":1345,"date":"2021-03-07T12:27:37","date_gmt":"2021-03-07T11:27:37","guid":{"rendered":"https:\/\/fineart.dimanoinmano.it\/magazine\/?p=1345"},"modified":"2023-07-18T15:01:01","modified_gmt":"2023-07-18T13:01:01","slug":"umanesimo-linvenzione-del-libro","status":"publish","type":"post","link":"https:\/\/fineart.dimanoinmano.it\/magazine\/umanesimo-linvenzione-del-libro\/","title":{"rendered":"Umanesimo: l\u2019invenzione del libro"},"content":{"rendered":"\n<div class=\"wp-block-columns is-layout-flex wp-container-core-columns-is-layout-9d6595d7 wp-block-columns-is-layout-flex\">\n<div class=\"wp-block-column is-layout-flow wp-block-column-is-layout-flow\">\n<h5 class=\"wp-block-heading\">Quello che da molti \u00e8 considerato il pi\u00f9 bel libro della storia della stampa, il misterioso Hypnerotomachia Poliphili, viene pubblicato a Venezia da Aldo Manuzio nel 1499, allo spirare di un secolo che vede la nascita del libro moderno all&#8217;interno del contesto culturale dell&#8217;Umanesimo.<\/h5>\n\n\n\n<p>Ma che rapporto c\u2019\u00e8 tra questi due aspetti centrali del XV secolo?<br>In una lettera al Cardinale Juan de Carbajal del 12 marzo 1455 papa Pio II (l\u2019umanista Enea Silvio Piccolomini) scrive di avere visto a Francoforte i fascicoli sciolti di una Bibbia non scritta a mano ma stampata: \u00e8 l\u2019inizio della grande rivoluzione di Gutemberg che subito si diffonde in tutta Europa. La scoperta di un nuovo modo, tutto meccanico, di scrivere permette di riprodurre i testi rispondendo alla richiesta sempre crescente di libri da parte della societ\u00e0 urbana nel clima nuovo creato dall\u2019Umanesimo.<br>Spesso si identifica l\u2019Umanesimo con la grande riscoperta degli autori antichi, e soprattutto greci, legata anche ad avvenimenti storici quali la caduta di Costantinopoli del 1453.<\/p>\n\n\n\n<p>In realt\u00e0 la classicit\u00e0, e anche la grecit\u00e0 (si pensi alla centralit\u00e0 di Aristotele in campo filosofico), non erano sconosciute al Medioevo: quello che cambia non sono tanto i contenuti, ma le forme di una cultura, l\u2019atteggiamento verso la cultura del passato.<\/p>\n\n\n\n<h5 class=\"wp-block-heading\">Il nuovo approccio ai testi antichi, che fonda la moderna filologia, porta ad una conquista del senso dell&#8217;antico come senso della storia.<\/h5>\n\n\n\n<p>Paradossalmente gli Umanisti scoprono i classici perch\u00e9 li distaccano da s\u00e9. La visione Medievale del reale statico, astorico, oggetto di contemplazione, dei testi canonici portatori di Verit\u00e0 (ipse dixit), viene superata da un modo di leggere ogni documento, carta, libro, considerando che, cos\u00ec come si presenta, esso \u00e8 un fatto umano, una traccia e una risonanza umana, e come tale soggetta ad esame e lettura critica. E allora non c\u2019\u00e8 pi\u00f9 un testo immutabile, da chiosare all\u2019infinito, non c\u2019\u00e8 pi\u00f9 una Verit\u00e0 semplicemente da illustrare: il mondo antico parla dell\u2019uomo, del rischio di un\u2019avventura di cui fanno parte l\u2019errore e il dubbio, ma anche la possibilit\u00e0 di scoprire, a partire da l\u00ec, un nuovo modo di leggere il reale.<br>Da qui l\u2019antropocentrismo che contraddistingue il pensiero dell\u2019Umanesimo: come dice Eugenio Garin<\/p>\n<\/div>\n\n\n\n<div class=\"wp-block-column is-layout-flow wp-block-column-is-layout-flow\">\n<blockquote class=\"wp-block-quote is-layout-flow wp-block-quote-is-layout-flow\">\n<p>\u201cNon si pu\u00f2 distinguere nell&#8217;Umanesimo la scoperta del mondo antico dalla scoperta dell\u2019uomo perch\u00e9 furono un tutt\u2019uno, perch\u00e9 scoprire l\u2019antico come tale fu commisurare s\u00e9 ad esso e staccarsene e porsi in rapporto con esso. Signific\u00f2 tempo e memoria, e senso della creazione umana e dell\u2019opera terrena e della responsabilit\u00e0\u201d.<\/p>\n<\/blockquote>\n\n\n\n<h5 class=\"wp-block-heading\">Non \u00e8 forse un caso che l\u2019invenzione della stampa avvenga proprio in questo momento: la stessa novit\u00e0 di sguardo riservata ai testi investe anche il mezzo fisico, concreto, che permette ai testi di esistere.<\/h5>\n\n\n\n<p>Il processo di riproduzione tradizionale viene reinterpretato dai primi stampatori, analizzato, scomposto nei suoi elementi base, per dare vita a qualcosa di nuovo che cambia lo statuto stesso del libro. Il libro cessa di essere un oggetto quasi sacrale, riservato al mondo ristretto della Chiesa e del potere, simbolo di una concezione esoterica del mondo: non pi\u00f9 frutto del tradizionale metodo di copiatura, il libro a stampa diventa il modello di un nuovo modo di concepire il lavoro, di progettare servendosi di procedimenti tecnici e mentali nuovi, per creare quello che si riveler\u00e0 il mezzo di diffusione principe di un nuovo modo di pensare il mondo.<\/p>\n\n\n\n<h5 class=\"wp-block-heading\">Il primo libro stampato in Italia \u00e8 il \u201cDe divinis institutionibus adversus gentes\u201d di Lattanzio, stampato nel monastero di Subiaco nel 1465 da due chierici tedeschi, Corrado Schweinheim e Arnolfo Pannartz, allievi dello stampatore tedesco Schoeffer.<\/h5>\n\n\n\n<p>Presto la nuova tecnica si diffonde nella penisola, ma \u00e8 a Venezia che trova il luogo ideale per la sua fioritura. E proprio a Venezia lavor\u00f2 l\u2019uomo che pi\u00f9 di ogni altro rappresenta questo connubio tra cultura e tecnica, momento cruciale di passaggio nella storia della cultura italiana ed europea: Aldo Manuzio.<\/p>\n<\/div>\n<\/div>\n\n\n<div class=\"wp-block-image\">\n<figure class=\"aligncenter size-full\"><img loading=\"lazy\" decoding=\"async\" width=\"768\" height=\"576\" src=\"https:\/\/fineart.dimanoinmano.it\/magazine\/wp-content\/uploads\/2023\/03\/fotogallery-aldo-manuzio-ritratto-768x576-1.jpg\" alt=\"\" class=\"wp-image-1347\" srcset=\"https:\/\/fineart.dimanoinmano.it\/magazine\/wp-content\/uploads\/2023\/03\/fotogallery-aldo-manuzio-ritratto-768x576-1.jpg 768w, https:\/\/fineart.dimanoinmano.it\/magazine\/wp-content\/uploads\/2023\/03\/fotogallery-aldo-manuzio-ritratto-768x576-1-300x225.jpg 300w\" sizes=\"auto, (max-width: 768px) 100vw, 768px\" \/><figcaption class=\"wp-element-caption\"><em>Ritratto di Aldo Manunzio<\/em><\/figcaption><\/figure>\n<\/div>\n\n\n<div class=\"wp-block-columns is-layout-flex wp-container-core-columns-is-layout-9d6595d7 wp-block-columns-is-layout-flex\">\n<div class=\"wp-block-column is-layout-flow wp-block-column-is-layout-flow\">\n<p>Aldo arriva a Venezia gi\u00e0 quarantenne, verso il 1490. Nella sua storia anni di studio, prima a Roma, poi a Ferrara, dove studia il Greco, rapporti di amicizia e di stima con i maggiori rappresentanti dell\u2019Umanesimo Italiano: restano le lettere con Poliziano e con Pico della Mirandola, che lo consiglia alla sorella vedova di Lionello Pio, signore di Carpi, come precettore per i figli. Una solida carriera di studioso ed insegnante che Aldo lascia improvvisamente per buttarsi nel complicato mondo dell\u2019editoria della Serenissima.<\/p>\n\n\n\n<p>Quali sono le motivazioni per questa scelta, ad un\u2019et\u00e0 per i tempi gi\u00e0 avanzata? Sicuramente Aldo vede lontano e forse intuisce che il suo ideale di diffusione della conoscenza come strumento per raggiungere una pi\u00f9 profonda umanit\u00e0 potr\u00e0 essere raggiunto pi\u00f9 efficacemente operando sugli strumenti di questa diffusione, e perci\u00f2 sul relativamente nuovo mondo della stampa.<\/p>\n<\/div>\n\n\n\n<div class=\"wp-block-column is-layout-flow wp-block-column-is-layout-flow\">\n<p>A Venezia si muove da grande imprenditore: entra in societ\u00e0 con lo stampatore Andrea Torresani che nel 1479 aveva rilevato la storica stamperia di Nicholas Jenson, e da qui lancia il suo grande progetto culturale: rilanciare lo studio dei grandi classici greci, impegnandosi a fornire strumenti di apprendimento (il primo libro pubblicato \u00e8 la grammatica greca del Lascaris nel 1494) e soprattutto accurate edizioni dei testi.<\/p>\n\n\n\n<p>E\u2019 del 1495 il primo tomo delle Opere di Aristotele, un grande in-folio, l\u2019inizio del suo progetto pi\u00f9 ambizioso. In effetti, se avessero chiesto ad Aldo, alla fine della vita, quale fosse il suo libro pi\u00f9 bello, non avrebbe probabilmente citato l\u2019 Hypnerotomachia Poliphili, sogno di ogni bibliofilo contemporaneo, stampata per fini pi\u00f9 chiaramente \u201ccommerciali\u201d, ma proprio l\u2019edizione di Aristotele o quella di Platone, che invece commercialmente si rivelarono un quasi fallimento.<\/p>\n<\/div>\n<\/div>\n\n\n<div class=\"wp-block-image\">\n<figure class=\"aligncenter size-full\"><img loading=\"lazy\" decoding=\"async\" width=\"270\" height=\"340\" src=\"https:\/\/fineart.dimanoinmano.it\/magazine\/wp-content\/uploads\/2023\/03\/4f397bbe3bfbbac610307706df41f320.jpg\" alt=\"\" class=\"wp-image-1348\" srcset=\"https:\/\/fineart.dimanoinmano.it\/magazine\/wp-content\/uploads\/2023\/03\/4f397bbe3bfbbac610307706df41f320.jpg 270w, https:\/\/fineart.dimanoinmano.it\/magazine\/wp-content\/uploads\/2023\/03\/4f397bbe3bfbbac610307706df41f320-238x300.jpg 238w\" sizes=\"auto, (max-width: 270px) 100vw, 270px\" \/><figcaption class=\"wp-element-caption\"><em>Marchio tipografico dell&#8217;ancora aldina con il delfino<\/em><\/figcaption><\/figure>\n<\/div>\n\n\n<div class=\"wp-block-columns is-layout-flex wp-container-core-columns-is-layout-9d6595d7 wp-block-columns-is-layout-flex\">\n<div class=\"wp-block-column is-layout-flow wp-block-column-is-layout-flow\">\n<p>Intorno alla stamperia di Aldo si raduna un gruppo di giovani e meno giovani studiosi del mondo greco: del resto il mitico Cardinale Bessarione gi\u00e0 nel 1468 definiva Venezia \u201cuna seconda Bisanzio\u201d: quale citt\u00e0 pi\u00f9 propizia ai sogni di Aldo? Tra le figure che frequentano la chiassosa stamperia di calle San Paterniano spiccano personaggi chiave della cultura del tempo: Erasmo da Rotterdam, che vi si stabilisce nel 1508, anno in cui pubblica per i tipi del Manuzio gli Adagi, per poi pubblicare nel 1515, l\u2019Elogio della follia; Pietro Bembo, collaboratore strettissimo di Aldo, che trova nello stampatore l\u2019alleato per portare avanti la sua battaglia per la definizione della lingua volgare italiana (del 1505 \u00e8 la pubblicazione degli Asolani).<\/p>\n\n\n\n<p>Il catalogo dei libri contrassegnati dal marchio dell\u2019ancora e del delfino \u00e8 un susseguirsi di titoli greci e latini, ma non mancano il Petrarca, nell\u2019edizione curata proprio dal Bembo nel 1501, e Dante con le Terze rime (cio\u00e8 la Commedia) del 1502.<\/p>\n<\/div>\n\n\n\n<div class=\"wp-block-column is-layout-flow wp-block-column-is-layout-flow\">\n<h5 class=\"wp-block-heading\">Ma al di l\u00e0 della rilevanza culturale delle edizioni filologicamente curatissime che escono dalla stamperia di Aldo, quello che resta come il suo maggiore contributo alla storia dell\u2019editoria sono le sue innovazioni tecniche.<\/h5>\n\n\n\n<p>La creazione di caratteri tipografici di una bellezza e leggibilit\u00e0 ancora insuperabili (il Bembo del De Aetna del 1496, ma soprattutto il corsivo disegnato dall\u2019orafo Francesco Griffo) e soprattutto la pubblicazione di volumi in -8\u00b0 che cambiano completamente il rapporto tra lettore e libro. Finora il formato prevalente era stato il grande in-folio o il in-4\u00b0: grandi volumi poco maneggevoli, molto costosi, che richiedevano banalmente l\u2019uso di un leggio. La grande trovata di Aldo \u00e8 di pubblicare i testi di autori greci, latini ed italiani, il puro testo, senza apparati critici, in quelli che definisce Enchiridia, libretti che stanno in mano o in tasca, che possono essere letti ovunque, in qualsiasi momento. La pubblicazione delle opere di Virgilio in corsivo e in-8\u00b0 nel 1501 cambia per sempre il modo di vivere la lettura e rende il libro quello che \u00e8 ancora oggi per noi.<\/p>\n<\/div>\n<\/div>\n\n\n\n<div class=\"wp-block-columns is-layout-flex wp-container-core-columns-is-layout-9d6595d7 wp-block-columns-is-layout-flex\">\n<div class=\"wp-block-column is-layout-flow wp-block-column-is-layout-flow\">\n<p class=\"has-black-color has-text-color\"><strong>Non sappiamo se davvero Aldo immaginasse un mondo in cui i libri potessero diventare patrimonio di tutti, al di l\u00e0 di distinzioni sociali ed economiche. Quello che \u00e8 certo \u00e8 che in Utopia, la mitica isola sognata da Thomas More nel 1516, gli abitanti possiedono solo edizioni aldine.<\/strong><\/p>\n<\/div>\n\n\n\n<div class=\"wp-block-column is-layout-flow wp-block-column-is-layout-flow\">\n<p class=\"has-small-font-size\"><em><strong>Bibliografia:<br>\u2013 <strong><em>Eugenio Garin \u2013 L\u2019umanesimo italiano<\/em><\/strong><br>\u2013 <strong><em>Giorgio Montecchi \u2013 Il Rinascimento: La stampa e la diffusione del sapere scientifico<\/em><\/strong><br>\u2013 <strong><em>Martin Lowry \u2013 Il mondo di Aldo Manuzio<\/em><\/strong><br>\u2013 <strong><em>Giacomo Comiati \u2013 Aldo Manuzio: editore, umanista e filologo<\/em><\/strong><br>\u2013 <\/strong><\/em><strong><em>Max Trimurti \u2013 Aldo Manuzio, editore umanista a Venezia<\/em><\/strong><\/p>\n<\/div>\n<\/div>\n","protected":false},"excerpt":{"rendered":"<p>Quello che da molti \u00e8 considerato il pi\u00f9 bel libro della storia della stampa, il misterioso Hypnerotomachia Poliphili, viene pubblicato a Venezia da Aldo Manuzio nel 1499, allo spirare di un secolo che vede la nascita del libro moderno all&#8217;interno del contesto culturale dell&#8217;Umanesimo. Ma che rapporto c\u2019\u00e8 tra questi due aspetti centrali del XV [&hellip;]<\/p>\n","protected":false},"author":1,"featured_media":1645,"comment_status":"closed","ping_status":"closed","sticky":false,"template":"","format":"standard","meta":{"_acf_changed":false,"footnotes":""},"categories":[4],"tags":[],"class_list":["post-1345","post","type-post","status-publish","format-standard","has-post-thumbnail","hentry","category-lavorazioni-e-tecniche"],"acf":[],"yoast_head":"<!-- This site is optimized with the Yoast SEO plugin v23.1 - https:\/\/yoast.com\/wordpress\/plugins\/seo\/ -->\n<title>Umanesimo: l\u2019invenzione del libro - FineArt Magazine<\/title>\n<meta name=\"description\" content=\"Quello che \u00e8 considerato da molti il \u200b\u200blibro pi\u00f9 bello della storia della stampa, il misterioso Hypnerotomachia Poliphili.\" \/>\n<meta name=\"robots\" content=\"index, follow, max-snippet:-1, max-image-preview:large, max-video-preview:-1\" \/>\n<link rel=\"canonical\" href=\"https:\/\/fineart.dimanoinmano.it\/magazine\/umanesimo-linvenzione-del-libro\/\" \/>\n<meta property=\"og:locale\" content=\"it_IT\" \/>\n<meta property=\"og:type\" content=\"article\" \/>\n<meta property=\"og:title\" content=\"Umanesimo: l\u2019invenzione del libro - FineArt Magazine\" \/>\n<meta property=\"og:description\" content=\"Quello che \u00e8 considerato da molti il \u200b\u200blibro pi\u00f9 bello della storia della stampa, il misterioso Hypnerotomachia Poliphili.\" \/>\n<meta property=\"og:url\" content=\"https:\/\/fineart.dimanoinmano.it\/magazine\/umanesimo-linvenzione-del-libro\/\" \/>\n<meta property=\"og:site_name\" content=\"FineArt Magazine\" \/>\n<meta property=\"article:published_time\" content=\"2021-03-07T11:27:37+00:00\" \/>\n<meta property=\"article:modified_time\" content=\"2023-07-18T13:01:01+00:00\" \/>\n<meta property=\"og:image\" content=\"https:\/\/fineart.dimanoinmano.it\/magazine\/wp-content\/uploads\/2023\/03\/umanesimo-book-cover-1.jpg\" \/>\n\t<meta property=\"og:image:width\" content=\"670\" \/>\n\t<meta property=\"og:image:height\" content=\"900\" \/>\n\t<meta property=\"og:image:type\" content=\"image\/jpeg\" \/>\n<meta name=\"author\" content=\"FineArt\" \/>\n<meta name=\"twitter:card\" content=\"summary_large_image\" \/>\n<meta name=\"twitter:label1\" content=\"Scritto da\" \/>\n\t<meta name=\"twitter:data1\" content=\"FineArt\" \/>\n\t<meta name=\"twitter:label2\" content=\"Tempo di lettura stimato\" \/>\n\t<meta name=\"twitter:data2\" content=\"8 minuti\" \/>\n<script type=\"application\/ld+json\" class=\"yoast-schema-graph\">{\"@context\":\"https:\/\/schema.org\",\"@graph\":[{\"@type\":\"Article\",\"@id\":\"https:\/\/fineart.dimanoinmano.it\/magazine\/umanesimo-linvenzione-del-libro\/#article\",\"isPartOf\":{\"@id\":\"https:\/\/fineart.dimanoinmano.it\/magazine\/umanesimo-linvenzione-del-libro\/\"},\"author\":{\"name\":\"FineArt\",\"@id\":\"https:\/\/fineart.dimanoinmano.it\/magazine\/#\/schema\/person\/1d7dcf6ebd921f9994302c6cf77bc089\"},\"headline\":\"Umanesimo: l\u2019invenzione del libro\",\"datePublished\":\"2021-03-07T11:27:37+00:00\",\"dateModified\":\"2023-07-18T13:01:01+00:00\",\"mainEntityOfPage\":{\"@id\":\"https:\/\/fineart.dimanoinmano.it\/magazine\/umanesimo-linvenzione-del-libro\/\"},\"wordCount\":1360,\"publisher\":{\"@id\":\"https:\/\/fineart.dimanoinmano.it\/magazine\/#organization\"},\"image\":{\"@id\":\"https:\/\/fineart.dimanoinmano.it\/magazine\/umanesimo-linvenzione-del-libro\/#primaryimage\"},\"thumbnailUrl\":\"https:\/\/fineart.dimanoinmano.it\/magazine\/wp-content\/uploads\/2023\/03\/umanesimo-book-cover-1.jpg\",\"articleSection\":[\"Lavorazioni e Tecniche\"],\"inLanguage\":\"it-IT\"},{\"@type\":\"WebPage\",\"@id\":\"https:\/\/fineart.dimanoinmano.it\/magazine\/umanesimo-linvenzione-del-libro\/\",\"url\":\"https:\/\/fineart.dimanoinmano.it\/magazine\/umanesimo-linvenzione-del-libro\/\",\"name\":\"Umanesimo: l\u2019invenzione del libro - FineArt Magazine\",\"isPartOf\":{\"@id\":\"https:\/\/fineart.dimanoinmano.it\/magazine\/#website\"},\"primaryImageOfPage\":{\"@id\":\"https:\/\/fineart.dimanoinmano.it\/magazine\/umanesimo-linvenzione-del-libro\/#primaryimage\"},\"image\":{\"@id\":\"https:\/\/fineart.dimanoinmano.it\/magazine\/umanesimo-linvenzione-del-libro\/#primaryimage\"},\"thumbnailUrl\":\"https:\/\/fineart.dimanoinmano.it\/magazine\/wp-content\/uploads\/2023\/03\/umanesimo-book-cover-1.jpg\",\"datePublished\":\"2021-03-07T11:27:37+00:00\",\"dateModified\":\"2023-07-18T13:01:01+00:00\",\"description\":\"Quello che \u00e8 considerato da molti il \u200b\u200blibro pi\u00f9 bello della storia della stampa, il misterioso Hypnerotomachia Poliphili.\",\"breadcrumb\":{\"@id\":\"https:\/\/fineart.dimanoinmano.it\/magazine\/umanesimo-linvenzione-del-libro\/#breadcrumb\"},\"inLanguage\":\"it-IT\",\"potentialAction\":[{\"@type\":\"ReadAction\",\"target\":[\"https:\/\/fineart.dimanoinmano.it\/magazine\/umanesimo-linvenzione-del-libro\/\"]}]},{\"@type\":\"ImageObject\",\"inLanguage\":\"it-IT\",\"@id\":\"https:\/\/fineart.dimanoinmano.it\/magazine\/umanesimo-linvenzione-del-libro\/#primaryimage\",\"url\":\"https:\/\/fineart.dimanoinmano.it\/magazine\/wp-content\/uploads\/2023\/03\/umanesimo-book-cover-1.jpg\",\"contentUrl\":\"https:\/\/fineart.dimanoinmano.it\/magazine\/wp-content\/uploads\/2023\/03\/umanesimo-book-cover-1.jpg\",\"width\":670,\"height\":900},{\"@type\":\"BreadcrumbList\",\"@id\":\"https:\/\/fineart.dimanoinmano.it\/magazine\/umanesimo-linvenzione-del-libro\/#breadcrumb\",\"itemListElement\":[{\"@type\":\"ListItem\",\"position\":1,\"name\":\"Home\",\"item\":\"https:\/\/fineart.dimanoinmano.it\/magazine\/\"},{\"@type\":\"ListItem\",\"position\":2,\"name\":\"Umanesimo: l\u2019invenzione del libro\"}]},{\"@type\":\"WebSite\",\"@id\":\"https:\/\/fineart.dimanoinmano.it\/magazine\/#website\",\"url\":\"https:\/\/fineart.dimanoinmano.it\/magazine\/\",\"name\":\"FineArt Magazine\",\"description\":\"\",\"publisher\":{\"@id\":\"https:\/\/fineart.dimanoinmano.it\/magazine\/#organization\"},\"potentialAction\":[{\"@type\":\"SearchAction\",\"target\":{\"@type\":\"EntryPoint\",\"urlTemplate\":\"https:\/\/fineart.dimanoinmano.it\/magazine\/?s={search_term_string}\"},\"query-input\":\"required name=search_term_string\"}],\"inLanguage\":\"it-IT\"},{\"@type\":\"Organization\",\"@id\":\"https:\/\/fineart.dimanoinmano.it\/magazine\/#organization\",\"name\":\"FineArt Magazine\",\"url\":\"https:\/\/fineart.dimanoinmano.it\/magazine\/\",\"logo\":{\"@type\":\"ImageObject\",\"inLanguage\":\"it-IT\",\"@id\":\"https:\/\/fineart.dimanoinmano.it\/magazine\/#\/schema\/logo\/image\/\",\"url\":\"https:\/\/fineart.dimanoinmano.it\/magazine\/wp-content\/uploads\/2023\/03\/logo_fineart.png\",\"contentUrl\":\"https:\/\/fineart.dimanoinmano.it\/magazine\/wp-content\/uploads\/2023\/03\/logo_fineart.png\",\"width\":892,\"height\":115,\"caption\":\"FineArt Magazine\"},\"image\":{\"@id\":\"https:\/\/fineart.dimanoinmano.it\/magazine\/#\/schema\/logo\/image\/\"}},{\"@type\":\"Person\",\"@id\":\"https:\/\/fineart.dimanoinmano.it\/magazine\/#\/schema\/person\/1d7dcf6ebd921f9994302c6cf77bc089\",\"name\":\"FineArt\",\"image\":{\"@type\":\"ImageObject\",\"inLanguage\":\"it-IT\",\"@id\":\"https:\/\/fineart.dimanoinmano.it\/magazine\/#\/schema\/person\/image\/\",\"url\":\"https:\/\/secure.gravatar.com\/avatar\/99156fafcef61e51efc39bfd57ce0995a619a700c1761355b53b71090b5b665b?s=96&d=https%3A%2F%2Ffineart.dimanoinmano.it%2Fmagazine%2Fwp-content%2Fuploads%2F2023%2F03%2Fgravatar_fineart.png&r=g\",\"contentUrl\":\"https:\/\/secure.gravatar.com\/avatar\/99156fafcef61e51efc39bfd57ce0995a619a700c1761355b53b71090b5b665b?s=96&d=https%3A%2F%2Ffineart.dimanoinmano.it%2Fmagazine%2Fwp-content%2Fuploads%2F2023%2F03%2Fgravatar_fineart.png&r=g\",\"caption\":\"FineArt\"},\"description\":\"FineArt \u00e8 il progetto Di Mano in Mano che propone una selezione esclusiva di opere di antiquariato e design, presentandole per la loro singolarit\u00e0 e unicit\u00e0.\",\"sameAs\":[\"https:\/\/fineart.dimanoinmano.it\/magazine\"],\"url\":\"https:\/\/fineart.dimanoinmano.it\/magazine\/author\/fineartuk_magazine\/\"}]}<\/script>\n<!-- \/ Yoast SEO plugin. -->","yoast_head_json":{"title":"Umanesimo: l\u2019invenzione del libro - FineArt Magazine","description":"Quello che \u00e8 considerato da molti il \u200b\u200blibro pi\u00f9 bello della storia della stampa, il misterioso Hypnerotomachia Poliphili.","robots":{"index":"index","follow":"follow","max-snippet":"max-snippet:-1","max-image-preview":"max-image-preview:large","max-video-preview":"max-video-preview:-1"},"canonical":"https:\/\/fineart.dimanoinmano.it\/magazine\/umanesimo-linvenzione-del-libro\/","og_locale":"it_IT","og_type":"article","og_title":"Umanesimo: l\u2019invenzione del libro - FineArt Magazine","og_description":"Quello che \u00e8 considerato da molti il \u200b\u200blibro pi\u00f9 bello della storia della stampa, il misterioso Hypnerotomachia Poliphili.","og_url":"https:\/\/fineart.dimanoinmano.it\/magazine\/umanesimo-linvenzione-del-libro\/","og_site_name":"FineArt Magazine","article_published_time":"2021-03-07T11:27:37+00:00","article_modified_time":"2023-07-18T13:01:01+00:00","og_image":[{"width":670,"height":900,"url":"https:\/\/fineart.dimanoinmano.it\/magazine\/wp-content\/uploads\/2023\/03\/umanesimo-book-cover-1.jpg","type":"image\/jpeg"}],"author":"FineArt","twitter_card":"summary_large_image","twitter_misc":{"Scritto da":"FineArt","Tempo di lettura stimato":"8 minuti"},"schema":{"@context":"https:\/\/schema.org","@graph":[{"@type":"Article","@id":"https:\/\/fineart.dimanoinmano.it\/magazine\/umanesimo-linvenzione-del-libro\/#article","isPartOf":{"@id":"https:\/\/fineart.dimanoinmano.it\/magazine\/umanesimo-linvenzione-del-libro\/"},"author":{"name":"FineArt","@id":"https:\/\/fineart.dimanoinmano.it\/magazine\/#\/schema\/person\/1d7dcf6ebd921f9994302c6cf77bc089"},"headline":"Umanesimo: l\u2019invenzione del libro","datePublished":"2021-03-07T11:27:37+00:00","dateModified":"2023-07-18T13:01:01+00:00","mainEntityOfPage":{"@id":"https:\/\/fineart.dimanoinmano.it\/magazine\/umanesimo-linvenzione-del-libro\/"},"wordCount":1360,"publisher":{"@id":"https:\/\/fineart.dimanoinmano.it\/magazine\/#organization"},"image":{"@id":"https:\/\/fineart.dimanoinmano.it\/magazine\/umanesimo-linvenzione-del-libro\/#primaryimage"},"thumbnailUrl":"https:\/\/fineart.dimanoinmano.it\/magazine\/wp-content\/uploads\/2023\/03\/umanesimo-book-cover-1.jpg","articleSection":["Lavorazioni e Tecniche"],"inLanguage":"it-IT"},{"@type":"WebPage","@id":"https:\/\/fineart.dimanoinmano.it\/magazine\/umanesimo-linvenzione-del-libro\/","url":"https:\/\/fineart.dimanoinmano.it\/magazine\/umanesimo-linvenzione-del-libro\/","name":"Umanesimo: l\u2019invenzione del libro - FineArt Magazine","isPartOf":{"@id":"https:\/\/fineart.dimanoinmano.it\/magazine\/#website"},"primaryImageOfPage":{"@id":"https:\/\/fineart.dimanoinmano.it\/magazine\/umanesimo-linvenzione-del-libro\/#primaryimage"},"image":{"@id":"https:\/\/fineart.dimanoinmano.it\/magazine\/umanesimo-linvenzione-del-libro\/#primaryimage"},"thumbnailUrl":"https:\/\/fineart.dimanoinmano.it\/magazine\/wp-content\/uploads\/2023\/03\/umanesimo-book-cover-1.jpg","datePublished":"2021-03-07T11:27:37+00:00","dateModified":"2023-07-18T13:01:01+00:00","description":"Quello che \u00e8 considerato da molti il \u200b\u200blibro pi\u00f9 bello della storia della stampa, il misterioso Hypnerotomachia Poliphili.","breadcrumb":{"@id":"https:\/\/fineart.dimanoinmano.it\/magazine\/umanesimo-linvenzione-del-libro\/#breadcrumb"},"inLanguage":"it-IT","potentialAction":[{"@type":"ReadAction","target":["https:\/\/fineart.dimanoinmano.it\/magazine\/umanesimo-linvenzione-del-libro\/"]}]},{"@type":"ImageObject","inLanguage":"it-IT","@id":"https:\/\/fineart.dimanoinmano.it\/magazine\/umanesimo-linvenzione-del-libro\/#primaryimage","url":"https:\/\/fineart.dimanoinmano.it\/magazine\/wp-content\/uploads\/2023\/03\/umanesimo-book-cover-1.jpg","contentUrl":"https:\/\/fineart.dimanoinmano.it\/magazine\/wp-content\/uploads\/2023\/03\/umanesimo-book-cover-1.jpg","width":670,"height":900},{"@type":"BreadcrumbList","@id":"https:\/\/fineart.dimanoinmano.it\/magazine\/umanesimo-linvenzione-del-libro\/#breadcrumb","itemListElement":[{"@type":"ListItem","position":1,"name":"Home","item":"https:\/\/fineart.dimanoinmano.it\/magazine\/"},{"@type":"ListItem","position":2,"name":"Umanesimo: l\u2019invenzione del libro"}]},{"@type":"WebSite","@id":"https:\/\/fineart.dimanoinmano.it\/magazine\/#website","url":"https:\/\/fineart.dimanoinmano.it\/magazine\/","name":"FineArt Magazine","description":"","publisher":{"@id":"https:\/\/fineart.dimanoinmano.it\/magazine\/#organization"},"potentialAction":[{"@type":"SearchAction","target":{"@type":"EntryPoint","urlTemplate":"https:\/\/fineart.dimanoinmano.it\/magazine\/?s={search_term_string}"},"query-input":"required name=search_term_string"}],"inLanguage":"it-IT"},{"@type":"Organization","@id":"https:\/\/fineart.dimanoinmano.it\/magazine\/#organization","name":"FineArt Magazine","url":"https:\/\/fineart.dimanoinmano.it\/magazine\/","logo":{"@type":"ImageObject","inLanguage":"it-IT","@id":"https:\/\/fineart.dimanoinmano.it\/magazine\/#\/schema\/logo\/image\/","url":"https:\/\/fineart.dimanoinmano.it\/magazine\/wp-content\/uploads\/2023\/03\/logo_fineart.png","contentUrl":"https:\/\/fineart.dimanoinmano.it\/magazine\/wp-content\/uploads\/2023\/03\/logo_fineart.png","width":892,"height":115,"caption":"FineArt Magazine"},"image":{"@id":"https:\/\/fineart.dimanoinmano.it\/magazine\/#\/schema\/logo\/image\/"}},{"@type":"Person","@id":"https:\/\/fineart.dimanoinmano.it\/magazine\/#\/schema\/person\/1d7dcf6ebd921f9994302c6cf77bc089","name":"FineArt","image":{"@type":"ImageObject","inLanguage":"it-IT","@id":"https:\/\/fineart.dimanoinmano.it\/magazine\/#\/schema\/person\/image\/","url":"https:\/\/secure.gravatar.com\/avatar\/99156fafcef61e51efc39bfd57ce0995a619a700c1761355b53b71090b5b665b?s=96&d=https%3A%2F%2Ffineart.dimanoinmano.it%2Fmagazine%2Fwp-content%2Fuploads%2F2023%2F03%2Fgravatar_fineart.png&r=g","contentUrl":"https:\/\/secure.gravatar.com\/avatar\/99156fafcef61e51efc39bfd57ce0995a619a700c1761355b53b71090b5b665b?s=96&d=https%3A%2F%2Ffineart.dimanoinmano.it%2Fmagazine%2Fwp-content%2Fuploads%2F2023%2F03%2Fgravatar_fineart.png&r=g","caption":"FineArt"},"description":"FineArt \u00e8 il progetto Di Mano in Mano che propone una selezione esclusiva di opere di antiquariato e design, presentandole per la loro singolarit\u00e0 e unicit\u00e0.","sameAs":["https:\/\/fineart.dimanoinmano.it\/magazine"],"url":"https:\/\/fineart.dimanoinmano.it\/magazine\/author\/fineartuk_magazine\/"}]}},"_links":{"self":[{"href":"https:\/\/fineart.dimanoinmano.it\/magazine\/wp-json\/wp\/v2\/posts\/1345","targetHints":{"allow":["GET"]}}],"collection":[{"href":"https:\/\/fineart.dimanoinmano.it\/magazine\/wp-json\/wp\/v2\/posts"}],"about":[{"href":"https:\/\/fineart.dimanoinmano.it\/magazine\/wp-json\/wp\/v2\/types\/post"}],"author":[{"embeddable":true,"href":"https:\/\/fineart.dimanoinmano.it\/magazine\/wp-json\/wp\/v2\/users\/1"}],"replies":[{"embeddable":true,"href":"https:\/\/fineart.dimanoinmano.it\/magazine\/wp-json\/wp\/v2\/comments?post=1345"}],"version-history":[{"count":5,"href":"https:\/\/fineart.dimanoinmano.it\/magazine\/wp-json\/wp\/v2\/posts\/1345\/revisions"}],"predecessor-version":[{"id":1812,"href":"https:\/\/fineart.dimanoinmano.it\/magazine\/wp-json\/wp\/v2\/posts\/1345\/revisions\/1812"}],"wp:featuredmedia":[{"embeddable":true,"href":"https:\/\/fineart.dimanoinmano.it\/magazine\/wp-json\/wp\/v2\/media\/1645"}],"wp:attachment":[{"href":"https:\/\/fineart.dimanoinmano.it\/magazine\/wp-json\/wp\/v2\/media?parent=1345"}],"wp:term":[{"taxonomy":"category","embeddable":true,"href":"https:\/\/fineart.dimanoinmano.it\/magazine\/wp-json\/wp\/v2\/categories?post=1345"},{"taxonomy":"post_tag","embeddable":true,"href":"https:\/\/fineart.dimanoinmano.it\/magazine\/wp-json\/wp\/v2\/tags?post=1345"}],"curies":[{"name":"wp","href":"https:\/\/api.w.org\/{rel}","templated":true}]}}